{"id":13801,"date":"2024-12-03T13:40:20","date_gmt":"2024-12-03T18:40:20","guid":{"rendered":"https:\/\/www.conexioncesar.com\/?p=13801"},"modified":"2024-12-03T14:36:07","modified_gmt":"2024-12-03T19:36:07","slug":"afiche-oficial-del-festival-vallenato-homenaje-a-omar-geles","status":"publish","type":"post","link":"https:\/\/conexioncesar.com\/index.php\/2024\/12\/03\/afiche-oficial-del-festival-vallenato-homenaje-a-omar-geles\/","title":{"rendered":"Fundaci\u00f3n Festival de la leyenda Vallenata oficializ\u00f3 Afiche promocional del\u00a0\u00a0pr\u00f3ximo Festival Vallenato homenaje a Omar Geles"},"content":{"rendered":"\n<p class=\"wp-block-paragraph\">Con la presencia de\u00a0\u00a0Mar\u00e9n Garc\u00eda,\u00a0\u00a0viuda del compositor y acordeonero Omar Geles y del hermano de este, Juancho Geles, la Fundaci\u00f3n del Festival de la Leyenda Vallenata oficializ\u00f3 el afiche promocional del pr\u00f3ximo festival que se realizar\u00e1 en Valledupar del 30 de abril al 3 de mayo de 2025, en homenaje al fallecido rey vallenato.\u00a0<\/p>\n\n\n\n<figure class=\"wp-block-gallery has-nested-images columns-default is-cropped wp-block-gallery-1 is-layout-flex wp-block-gallery-is-layout-flex\">\n<figure class=\"wp-block-image size-large\"><img decoding=\"async\" data-id=\"13805\" src=\"https:\/\/www.conexioncesar.com\/wp-content\/uploads\/2024\/12\/Imagen-de-WhatsApp-2024-12-03-a-las-11.42.14_a053bbc2-683x1024.jpg\" alt=\"\" class=\"wp-image-13805\"\/><figcaption class=\"wp-element-caption\">Foto por Stiven Meneses<\/figcaption><\/figure>\n\n\n\n<figure class=\"wp-block-image size-large\"><img decoding=\"async\" data-id=\"13803\" src=\"https:\/\/www.conexioncesar.com\/wp-content\/uploads\/2024\/12\/Imagen-de-WhatsApp-2024-12-03-a-las-12.47.42_9fb60b04-1024x683.jpg\" alt=\"\" class=\"wp-image-13803\"\/><figcaption class=\"wp-element-caption\">Foto por Stiven Meneses<\/figcaption><\/figure>\n\n\n\n<figure class=\"wp-block-image size-large\"><img decoding=\"async\" data-id=\"13802\" src=\"https:\/\/www.conexioncesar.com\/wp-content\/uploads\/2024\/12\/Imagen-de-WhatsApp-2024-12-03-a-las-12.47.41_dd89dbde-1024x683.jpg\" alt=\"\" class=\"wp-image-13802\"\/><figcaption class=\"wp-element-caption\">Foto por Stiven Meneses<\/figcaption><\/figure>\n<\/figure>\n\n\n\n<p class=\"wp-block-paragraph\">En el afiche est\u00e1 plasmado el recorrido musical de este importante compositor y acordeonero, quien desde temprana edad obtuvo t\u00edtulos como rey vallenato infantil y profesional y su etapa como cantautor, donde cosech\u00f3 \u00e9xitos que lo llevaron a su reconocimiento como un artista integral e internacional del folclor vallenato.\u00a0<br><br><br><\/p>\n","protected":false},"excerpt":{"rendered":"<p>Con la presencia de\u00a0\u00a0Mar\u00e9n Garc\u00eda,\u00a0\u00a0viuda del compositor y acordeonero Omar Geles y del hermano de este, Juancho Geles, la Fundaci\u00f3n del Festival de la Leyenda Vallenata oficializ\u00f3 el afiche promocional del pr\u00f3ximo festival que se realizar\u00e1 en Valledupar del 30 de abril al 3 de mayo de 2025, en homenaje al fallecido rey vallenato.\u00a0 En [&hellip;]<\/p>\n","protected":false},"author":1,"featured_media":0,"comment_status":"open","ping_status":"closed","sticky":false,"template":"","format":"standard","meta":{"_monsterinsights_skip_tracking":false,"footnotes":""},"categories":[39,37],"tags":[],"class_list":["post-13801","post","type-post","status-publish","format-standard","hentry","category-arte-y-cultura","category-generales"],"aioseo_notices":[],"aioseo_head":"\n\t\t<!-- All in One SEO 5.0.0.1 - aioseo.com -->\n\t<meta name=\"description\" content=\"Con la presencia de Mar\u00e9n Garc\u00eda, viuda del compositor y acordeonero Omar Geles y del hermano de este, Juancho Geles, la Fundaci\u00f3n del Festival de la Leyenda Vallenata oficializ\u00f3 el afiche promocional del pr\u00f3ximo festival que se realizar\u00e1 en Valledupar del 30 de abril al 3 de mayo de 2025, en homenaje al fallecido rey vallenato. En\" \/>\n\t<meta name=\"robots\" content=\"max-image-preview:large\" \/>\n\t<meta name=\"author\" content=\"admccesar\"\/>\n\t<link rel=\"canonical\" href=\"https:\/\/conexioncesar.com\/index.php\/2024\/12\/03\/afiche-oficial-del-festival-vallenato-homenaje-a-omar-geles\/\" \/>\n\t<meta name=\"generator\" content=\"All in One SEO (AIOSEO) 5.0.0.1\" \/>\n\t\t<meta property=\"og:locale\" content=\"es_ES\" \/>\n\t\t<meta property=\"og:site_name\" content=\"Conexi\u00f3n Cesar - Portal web\" \/>\n\t\t<meta property=\"og:type\" content=\"article\" \/>\n\t\t<meta property=\"og:title\" content=\"Fundaci\u00f3n Festival de la leyenda Vallenata oficializ\u00f3 Afiche promocional del pr\u00f3ximo Festival Vallenato homenaje a Omar Geles - Conexi\u00f3n Cesar\" \/>\n\t\t<meta property=\"og:description\" content=\"Con la presencia de Mar\u00e9n Garc\u00eda, viuda del compositor y acordeonero Omar Geles y del hermano de este, Juancho Geles, la Fundaci\u00f3n del Festival de la Leyenda Vallenata oficializ\u00f3 el afiche promocional del pr\u00f3ximo festival que se realizar\u00e1 en Valledupar del 30 de abril al 3 de mayo de 2025, en homenaje al fallecido rey vallenato. En\" \/>\n\t\t<meta property=\"og:url\" content=\"https:\/\/conexioncesar.com\/index.php\/2024\/12\/03\/afiche-oficial-del-festival-vallenato-homenaje-a-omar-geles\/\" \/>\n\t\t<meta property=\"article:published_time\" content=\"2024-12-03T18:40:20+00:00\" \/>\n\t\t<meta property=\"article:modified_time\" content=\"2024-12-03T19:36:07+00:00\" \/>\n\t\t<meta property=\"article:publisher\" content=\"https:\/\/www.facebook.com\/profile.php?id=100083593141068\" \/>\n\t\t<meta name=\"twitter:card\" content=\"summary\" \/>\n\t\t<meta name=\"twitter:title\" content=\"Fundaci\u00f3n Festival de la leyenda Vallenata oficializ\u00f3 Afiche promocional del pr\u00f3ximo Festival Vallenato homenaje a Omar Geles - Conexi\u00f3n Cesar\" \/>\n\t\t<meta name=\"twitter:description\" content=\"Con la presencia de Mar\u00e9n Garc\u00eda, viuda del compositor y acordeonero Omar Geles y del hermano de este, Juancho Geles, la Fundaci\u00f3n del Festival de la Leyenda Vallenata oficializ\u00f3 el afiche promocional del pr\u00f3ximo festival que se realizar\u00e1 en Valledupar del 30 de abril al 3 de mayo de 2025, en homenaje al fallecido rey vallenato. En\" \/>\n\t\t<meta name=\"twitter:image\" content=\"https:\/\/conexioncesar.com\/wp-content\/uploads\/2026\/05\/LOGO-CONEXION-CESAR-2-1.png\" \/>\n\t\t<script type=\"application\/ld+json\" class=\"aioseo-schema\">\n\t\t\t{\"@context\":\"https:\\\/\\\/schema.org\",\"@graph\":[{\"@type\":\"BlogPosting\",\"@id\":\"https:\\\/\\\/conexioncesar.com\\\/index.php\\\/2024\\\/12\\\/03\\\/afiche-oficial-del-festival-vallenato-homenaje-a-omar-geles\\\/#blogposting\",\"name\":\"Fundaci\\u00f3n Festival de la leyenda Vallenata oficializ\\u00f3 Afiche promocional del pr\\u00f3ximo Festival Vallenato homenaje a Omar Geles - Conexi\\u00f3n Cesar\",\"headline\":\"Fundaci\\u00f3n Festival de la leyenda Vallenata oficializ\\u00f3 Afiche promocional del\\u00a0\\u00a0pr\\u00f3ximo Festival Vallenato homenaje a Omar Geles\",\"author\":{\"@id\":\"https:\\\/\\\/conexioncesar.com\\\/index.php\\\/author\\\/admccesar\\\/#author\"},\"publisher\":{\"@id\":\"https:\\\/\\\/conexioncesar.com\\\/#organization\"},\"image\":{\"@type\":\"ImageObject\",\"url\":\"https:\\\/\\\/www.conexioncesar.com\\\/wp-content\\\/uploads\\\/2024\\\/12\\\/Imagen-de-WhatsApp-2024-12-03-a-las-11.42.14_a053bbc2-683x1024.jpg\",\"@id\":\"https:\\\/\\\/conexioncesar.com\\\/index.php\\\/2024\\\/12\\\/03\\\/afiche-oficial-del-festival-vallenato-homenaje-a-omar-geles\\\/#articleImage\"},\"datePublished\":\"2024-12-03T13:40:20-05:00\",\"dateModified\":\"2024-12-03T14:36:07-05:00\",\"inLanguage\":\"es-CO\",\"commentCount\":55,\"mainEntityOfPage\":{\"@id\":\"https:\\\/\\\/conexioncesar.com\\\/index.php\\\/2024\\\/12\\\/03\\\/afiche-oficial-del-festival-vallenato-homenaje-a-omar-geles\\\/#webpage\"},\"isPartOf\":{\"@id\":\"https:\\\/\\\/conexioncesar.com\\\/index.php\\\/2024\\\/12\\\/03\\\/afiche-oficial-del-festival-vallenato-homenaje-a-omar-geles\\\/#webpage\"},\"articleSection\":\"Arte y cultura, Generales\"},{\"@type\":\"BreadcrumbList\",\"@id\":\"https:\\\/\\\/conexioncesar.com\\\/index.php\\\/2024\\\/12\\\/03\\\/afiche-oficial-del-festival-vallenato-homenaje-a-omar-geles\\\/#breadcrumblist\",\"itemListElement\":[{\"@type\":\"ListItem\",\"@id\":\"https:\\\/\\\/conexioncesar.com#listItem\",\"position\":1,\"name\":\"Home\",\"item\":\"https:\\\/\\\/conexioncesar.com\",\"nextItem\":{\"@type\":\"ListItem\",\"@id\":\"https:\\\/\\\/conexioncesar.com\\\/index.php\\\/category\\\/generales\\\/#listItem\",\"name\":\"Generales\"}},{\"@type\":\"ListItem\",\"@id\":\"https:\\\/\\\/conexioncesar.com\\\/index.php\\\/category\\\/generales\\\/#listItem\",\"position\":2,\"name\":\"Generales\",\"item\":\"https:\\\/\\\/conexioncesar.com\\\/index.php\\\/category\\\/generales\\\/\",\"nextItem\":{\"@type\":\"ListItem\",\"@id\":\"https:\\\/\\\/conexioncesar.com\\\/index.php\\\/2024\\\/12\\\/03\\\/afiche-oficial-del-festival-vallenato-homenaje-a-omar-geles\\\/#listItem\",\"name\":\"Fundaci\\u00f3n Festival de la leyenda Vallenata oficializ\\u00f3 Afiche promocional del\\u00a0\\u00a0pr\\u00f3ximo Festival Vallenato homenaje a Omar Geles\"},\"previousItem\":{\"@type\":\"ListItem\",\"@id\":\"https:\\\/\\\/conexioncesar.com#listItem\",\"name\":\"Home\"}},{\"@type\":\"ListItem\",\"@id\":\"https:\\\/\\\/conexioncesar.com\\\/index.php\\\/2024\\\/12\\\/03\\\/afiche-oficial-del-festival-vallenato-homenaje-a-omar-geles\\\/#listItem\",\"position\":3,\"name\":\"Fundaci\\u00f3n Festival de la leyenda Vallenata oficializ\\u00f3 Afiche promocional del\\u00a0\\u00a0pr\\u00f3ximo Festival Vallenato homenaje a Omar Geles\",\"previousItem\":{\"@type\":\"ListItem\",\"@id\":\"https:\\\/\\\/conexioncesar.com\\\/index.php\\\/category\\\/generales\\\/#listItem\",\"name\":\"Generales\"}}]},{\"@type\":\"Organization\",\"@id\":\"https:\\\/\\\/conexioncesar.com\\\/#organization\",\"name\":\"Conexi\\u00f3n Cesar\",\"description\":\"Portal web\",\"url\":\"https:\\\/\\\/conexioncesar.com\\\/\",\"sameAs\":[\"https:\\\/\\\/www.facebook.com\\\/profile.php?id=100083593141068\",\"https:\\\/\\\/www.instagram.com\\\/conexioncesar?utm_source=ig_web_button_share_sheet&igsh=ZDNlZDc0MzIxNw==\",\"https:\\\/\\\/youtube.com\\\/@conexioncesar7309?si=sCv5WiO1fXEwkkYN\"]},{\"@type\":\"Person\",\"@id\":\"https:\\\/\\\/conexioncesar.com\\\/index.php\\\/author\\\/admccesar\\\/#author\",\"url\":\"https:\\\/\\\/conexioncesar.com\\\/index.php\\\/author\\\/admccesar\\\/\",\"name\":\"admccesar\",\"image\":{\"@type\":\"ImageObject\",\"@id\":\"https:\\\/\\\/conexioncesar.com\\\/index.php\\\/2024\\\/12\\\/03\\\/afiche-oficial-del-festival-vallenato-homenaje-a-omar-geles\\\/#authorImage\",\"url\":\"https:\\\/\\\/secure.gravatar.com\\\/avatar\\\/bb14dc25bee5fd97148f651b904985f4508c0095d63e0eda456a03a8872a484e?s=96&d=mm&r=g\",\"width\":96,\"height\":96,\"caption\":\"admccesar\"}},{\"@type\":\"WebPage\",\"@id\":\"https:\\\/\\\/conexioncesar.com\\\/index.php\\\/2024\\\/12\\\/03\\\/afiche-oficial-del-festival-vallenato-homenaje-a-omar-geles\\\/#webpage\",\"url\":\"https:\\\/\\\/conexioncesar.com\\\/index.php\\\/2024\\\/12\\\/03\\\/afiche-oficial-del-festival-vallenato-homenaje-a-omar-geles\\\/\",\"name\":\"Fundaci\\u00f3n Festival de la leyenda Vallenata oficializ\\u00f3 Afiche promocional del pr\\u00f3ximo Festival Vallenato homenaje a Omar Geles - Conexi\\u00f3n Cesar\",\"description\":\"Con la presencia de Mar\\u00e9n Garc\\u00eda, viuda del compositor y acordeonero Omar Geles y del hermano de este, Juancho Geles, la Fundaci\\u00f3n del Festival de la Leyenda Vallenata oficializ\\u00f3 el afiche promocional del pr\\u00f3ximo festival que se realizar\\u00e1 en Valledupar del 30 de abril al 3 de mayo de 2025, en homenaje al fallecido rey vallenato. En\",\"inLanguage\":\"es-CO\",\"isPartOf\":{\"@id\":\"https:\\\/\\\/conexioncesar.com\\\/#website\"},\"breadcrumb\":{\"@id\":\"https:\\\/\\\/conexioncesar.com\\\/index.php\\\/2024\\\/12\\\/03\\\/afiche-oficial-del-festival-vallenato-homenaje-a-omar-geles\\\/#breadcrumblist\"},\"author\":{\"@id\":\"https:\\\/\\\/conexioncesar.com\\\/index.php\\\/author\\\/admccesar\\\/#author\"},\"creator\":{\"@id\":\"https:\\\/\\\/conexioncesar.com\\\/index.php\\\/author\\\/admccesar\\\/#author\"},\"datePublished\":\"2024-12-03T13:40:20-05:00\",\"dateModified\":\"2024-12-03T14:36:07-05:00\"},{\"@type\":\"WebSite\",\"@id\":\"https:\\\/\\\/conexioncesar.com\\\/#website\",\"url\":\"https:\\\/\\\/conexioncesar.com\\\/\",\"name\":\"Conexi\\u00f3n Cesar\",\"description\":\"Portal web\",\"inLanguage\":\"es-CO\",\"publisher\":{\"@id\":\"https:\\\/\\\/conexioncesar.com\\\/#organization\"}}]}\n\t\t<\/script>\n\t\t<!-- All in One SEO -->\n\n","aioseo_head_json":{"title":"Fundaci\u00f3n Festival de la leyenda Vallenata oficializ\u00f3 Afiche promocional del pr\u00f3ximo Festival Vallenato homenaje a Omar Geles - Conexi\u00f3n Cesar","description":"Con la presencia de Mar\u00e9n Garc\u00eda, viuda del compositor y acordeonero Omar Geles y del hermano de este, Juancho Geles, la Fundaci\u00f3n del Festival de la Leyenda Vallenata oficializ\u00f3 el afiche promocional del pr\u00f3ximo festival que se realizar\u00e1 en Valledupar del 30 de abril al 3 de mayo de 2025, en homenaje al fallecido rey vallenato. En","canonical_url":"https:\/\/conexioncesar.com\/index.php\/2024\/12\/03\/afiche-oficial-del-festival-vallenato-homenaje-a-omar-geles\/","robots":"max-image-preview:large","keywords":"","webmasterTools":{"miscellaneous":""},"schema":{"@context":"https:\/\/schema.org","@graph":[{"@type":"BlogPosting","@id":"https:\/\/conexioncesar.com\/index.php\/2024\/12\/03\/afiche-oficial-del-festival-vallenato-homenaje-a-omar-geles\/#blogposting","name":"Fundaci\u00f3n Festival de la leyenda Vallenata oficializ\u00f3 Afiche promocional del pr\u00f3ximo Festival Vallenato homenaje a Omar Geles - Conexi\u00f3n Cesar","headline":"Fundaci\u00f3n Festival de la leyenda Vallenata oficializ\u00f3 Afiche promocional del\u00a0\u00a0pr\u00f3ximo Festival Vallenato homenaje a Omar Geles","author":{"@id":"https:\/\/conexioncesar.com\/index.php\/author\/admccesar\/#author"},"publisher":{"@id":"https:\/\/conexioncesar.com\/#organization"},"image":{"@type":"ImageObject","url":"https:\/\/www.conexioncesar.com\/wp-content\/uploads\/2024\/12\/Imagen-de-WhatsApp-2024-12-03-a-las-11.42.14_a053bbc2-683x1024.jpg","@id":"https:\/\/conexioncesar.com\/index.php\/2024\/12\/03\/afiche-oficial-del-festival-vallenato-homenaje-a-omar-geles\/#articleImage"},"datePublished":"2024-12-03T13:40:20-05:00","dateModified":"2024-12-03T14:36:07-05:00","inLanguage":"es-CO","commentCount":55,"mainEntityOfPage":{"@id":"https:\/\/conexioncesar.com\/index.php\/2024\/12\/03\/afiche-oficial-del-festival-vallenato-homenaje-a-omar-geles\/#webpage"},"isPartOf":{"@id":"https:\/\/conexioncesar.com\/index.php\/2024\/12\/03\/afiche-oficial-del-festival-vallenato-homenaje-a-omar-geles\/#webpage"},"articleSection":"Arte y cultura, Generales"},{"@type":"BreadcrumbList","@id":"https:\/\/conexioncesar.com\/index.php\/2024\/12\/03\/afiche-oficial-del-festival-vallenato-homenaje-a-omar-geles\/#breadcrumblist","itemListElement":[{"@type":"ListItem","@id":"https:\/\/conexioncesar.com#listItem","position":1,"name":"Home","item":"https:\/\/conexioncesar.com","nextItem":{"@type":"ListItem","@id":"https:\/\/conexioncesar.com\/index.php\/category\/generales\/#listItem","name":"Generales"}},{"@type":"ListItem","@id":"https:\/\/conexioncesar.com\/index.php\/category\/generales\/#listItem","position":2,"name":"Generales","item":"https:\/\/conexioncesar.com\/index.php\/category\/generales\/","nextItem":{"@type":"ListItem","@id":"https:\/\/conexioncesar.com\/index.php\/2024\/12\/03\/afiche-oficial-del-festival-vallenato-homenaje-a-omar-geles\/#listItem","name":"Fundaci\u00f3n Festival de la leyenda Vallenata oficializ\u00f3 Afiche promocional del\u00a0\u00a0pr\u00f3ximo Festival Vallenato homenaje a Omar Geles"},"previousItem":{"@type":"ListItem","@id":"https:\/\/conexioncesar.com#listItem","name":"Home"}},{"@type":"ListItem","@id":"https:\/\/conexioncesar.com\/index.php\/2024\/12\/03\/afiche-oficial-del-festival-vallenato-homenaje-a-omar-geles\/#listItem","position":3,"name":"Fundaci\u00f3n Festival de la leyenda Vallenata oficializ\u00f3 Afiche promocional del\u00a0\u00a0pr\u00f3ximo Festival Vallenato homenaje a Omar Geles","previousItem":{"@type":"ListItem","@id":"https:\/\/conexioncesar.com\/index.php\/category\/generales\/#listItem","name":"Generales"}}]},{"@type":"Organization","@id":"https:\/\/conexioncesar.com\/#organization","name":"Conexi\u00f3n Cesar","description":"Portal web","url":"https:\/\/conexioncesar.com\/","sameAs":["https:\/\/www.facebook.com\/profile.php?id=100083593141068","https:\/\/www.instagram.com\/conexioncesar?utm_source=ig_web_button_share_sheet&igsh=ZDNlZDc0MzIxNw==","https:\/\/youtube.com\/@conexioncesar7309?si=sCv5WiO1fXEwkkYN"]},{"@type":"Person","@id":"https:\/\/conexioncesar.com\/index.php\/author\/admccesar\/#author","url":"https:\/\/conexioncesar.com\/index.php\/author\/admccesar\/","name":"admccesar","image":{"@type":"ImageObject","@id":"https:\/\/conexioncesar.com\/index.php\/2024\/12\/03\/afiche-oficial-del-festival-vallenato-homenaje-a-omar-geles\/#authorImage","url":"https:\/\/secure.gravatar.com\/avatar\/bb14dc25bee5fd97148f651b904985f4508c0095d63e0eda456a03a8872a484e?s=96&d=mm&r=g","width":96,"height":96,"caption":"admccesar"}},{"@type":"WebPage","@id":"https:\/\/conexioncesar.com\/index.php\/2024\/12\/03\/afiche-oficial-del-festival-vallenato-homenaje-a-omar-geles\/#webpage","url":"https:\/\/conexioncesar.com\/index.php\/2024\/12\/03\/afiche-oficial-del-festival-vallenato-homenaje-a-omar-geles\/","name":"Fundaci\u00f3n Festival de la leyenda Vallenata oficializ\u00f3 Afiche promocional del pr\u00f3ximo Festival Vallenato homenaje a Omar Geles - Conexi\u00f3n Cesar","description":"Con la presencia de Mar\u00e9n Garc\u00eda, viuda del compositor y acordeonero Omar Geles y del hermano de este, Juancho Geles, la Fundaci\u00f3n del Festival de la Leyenda Vallenata oficializ\u00f3 el afiche promocional del pr\u00f3ximo festival que se realizar\u00e1 en Valledupar del 30 de abril al 3 de mayo de 2025, en homenaje al fallecido rey vallenato. En","inLanguage":"es-CO","isPartOf":{"@id":"https:\/\/conexioncesar.com\/#website"},"breadcrumb":{"@id":"https:\/\/conexioncesar.com\/index.php\/2024\/12\/03\/afiche-oficial-del-festival-vallenato-homenaje-a-omar-geles\/#breadcrumblist"},"author":{"@id":"https:\/\/conexioncesar.com\/index.php\/author\/admccesar\/#author"},"creator":{"@id":"https:\/\/conexioncesar.com\/index.php\/author\/admccesar\/#author"},"datePublished":"2024-12-03T13:40:20-05:00","dateModified":"2024-12-03T14:36:07-05:00"},{"@type":"WebSite","@id":"https:\/\/conexioncesar.com\/#website","url":"https:\/\/conexioncesar.com\/","name":"Conexi\u00f3n Cesar","description":"Portal web","inLanguage":"es-CO","publisher":{"@id":"https:\/\/conexioncesar.com\/#organization"}}]},"og:locale":"es_ES","og:site_name":"Conexi\u00f3n Cesar - Portal web","og:type":"article","og:title":"Fundaci\u00f3n Festival de la leyenda Vallenata oficializ\u00f3 Afiche promocional del pr\u00f3ximo Festival Vallenato homenaje a Omar Geles - Conexi\u00f3n Cesar","og:description":"Con la presencia de Mar\u00e9n Garc\u00eda, viuda del compositor y acordeonero Omar Geles y del hermano de este, Juancho Geles, la Fundaci\u00f3n del Festival de la Leyenda Vallenata oficializ\u00f3 el afiche promocional del pr\u00f3ximo festival que se realizar\u00e1 en Valledupar del 30 de abril al 3 de mayo de 2025, en homenaje al fallecido rey vallenato. En","og:url":"https:\/\/conexioncesar.com\/index.php\/2024\/12\/03\/afiche-oficial-del-festival-vallenato-homenaje-a-omar-geles\/","article:published_time":"2024-12-03T18:40:20+00:00","article:modified_time":"2024-12-03T19:36:07+00:00","article:publisher":"https:\/\/www.facebook.com\/profile.php?id=100083593141068","twitter:card":"summary","twitter:title":"Fundaci\u00f3n Festival de la leyenda Vallenata oficializ\u00f3 Afiche promocional del pr\u00f3ximo Festival Vallenato homenaje a Omar Geles - Conexi\u00f3n Cesar","twitter:description":"Con la presencia de Mar\u00e9n Garc\u00eda, viuda del compositor y acordeonero Omar Geles y del hermano de este, Juancho Geles, la Fundaci\u00f3n del Festival de la Leyenda Vallenata oficializ\u00f3 el afiche promocional del pr\u00f3ximo festival que se realizar\u00e1 en Valledupar del 30 de abril al 3 de mayo de 2025, en homenaje al fallecido rey vallenato. En","twitter:image":"https:\/\/conexioncesar.com\/wp-content\/uploads\/2026\/05\/LOGO-CONEXION-CESAR-2-1.png"},"aioseo_meta_data":{"post_id":"13801","title":null,"description":null,"keywords":[],"keyphrases":{"focus":{"keyphrase":"","score":0,"analysis":{"keyphraseInTitle":{"score":0,"maxScore":9,"error":1}}},"additional":[]},"primary_term":null,"canonical_url":null,"og_title":null,"og_description":null,"og_object_type":"default","og_image_type":"default","og_image_url":null,"og_image_width":null,"og_image_height":null,"og_image_custom_url":null,"og_image_custom_fields":null,"og_video":"","og_custom_url":null,"og_article_section":null,"og_article_tags":[],"twitter_use_og":false,"twitter_card":"default","twitter_image_type":"default","twitter_image_url":null,"twitter_image_custom_url":null,"twitter_image_custom_fields":null,"twitter_title":null,"twitter_description":null,"schema":{"blockGraphs":[],"customGraphs":[],"default":{"data":{"Article":[],"Course":[],"Dataset":[],"FAQPage":[],"Movie":[],"Person":[],"Product":[],"ProductReview":[],"Car":[],"Recipe":[],"Service":[],"SoftwareApplication":[],"WebPage":[]},"graphName":"BlogPosting","isEnabled":true},"graphs":[]},"schema_type":"default","schema_type_options":null,"pillar_content":false,"robots_default":true,"robots_noindex":false,"robots_noarchive":false,"robots_nosnippet":false,"robots_nofollow":false,"robots_noimageindex":false,"robots_noodp":false,"robots_notranslate":false,"robots_max_snippet":"-1","robots_max_videopreview":"-1","robots_max_imagepreview":"large","priority":null,"frequency":"default","local_seo":null,"breadcrumb_settings":null,"limit_modified_date":false,"ai":null,"created":"2024-12-03 18:40:23","updated":"2025-08-12 06:23:23","focus_keyword":null,"additional_keywords":null,"truseo_locale":null,"seo_analyzer_scan_date":null},"aioseo_breadcrumb":"<div class=\"aioseo-breadcrumbs\"><span class=\"aioseo-breadcrumb\">\n\t\t\t<a href=\"https:\/\/conexioncesar.com\" title=\"Home\">Home<\/a>\n\t\t<\/span><span class=\"aioseo-breadcrumb-separator\">&raquo;<\/span><span class=\"aioseo-breadcrumb\">\n\t\t\t<a href=\"https:\/\/conexioncesar.com\/index.php\/category\/generales\/\" title=\"Generales\">Generales<\/a>\n\t\t<\/span><span class=\"aioseo-breadcrumb-separator\">&raquo;<\/span><span class=\"aioseo-breadcrumb\">\n\t\t\tFundaci\u00f3n Festival de la leyenda Vallenata oficializ\u00f3 Afiche promocional del  pr\u00f3ximo Festival Vallenato homenaje a Omar Geles\n\t\t<\/span><\/div>","aioseo_breadcrumb_json":[{"label":"Home","link":"https:\/\/conexioncesar.com"},{"label":"Generales","link":"https:\/\/conexioncesar.com\/index.php\/category\/generales\/"},{"label":"Fundaci\u00f3n Festival de la leyenda Vallenata oficializ\u00f3 Afiche promocional del\u00a0\u00a0pr\u00f3ximo Festival Vallenato homenaje a Omar Geles","link":"https:\/\/conexioncesar.com\/index.php\/2024\/12\/03\/afiche-oficial-del-festival-vallenato-homenaje-a-omar-geles\/"}],"jetpack_featured_media_url":"","_links":{"self":[{"href":"https:\/\/conexioncesar.com\/index.php\/wp-json\/wp\/v2\/posts\/13801","targetHints":{"allow":["GET"]}}],"collection":[{"href":"https:\/\/conexioncesar.com\/index.php\/wp-json\/wp\/v2\/posts"}],"about":[{"href":"https:\/\/conexioncesar.com\/index.php\/wp-json\/wp\/v2\/types\/post"}],"author":[{"embeddable":true,"href":"https:\/\/conexioncesar.com\/index.php\/wp-json\/wp\/v2\/users\/1"}],"replies":[{"embeddable":true,"href":"https:\/\/conexioncesar.com\/index.php\/wp-json\/wp\/v2\/comments?post=13801"}],"version-history":[{"count":0,"href":"https:\/\/conexioncesar.com\/index.php\/wp-json\/wp\/v2\/posts\/13801\/revisions"}],"wp:attachment":[{"href":"https:\/\/conexioncesar.com\/index.php\/wp-json\/wp\/v2\/media?parent=13801"}],"wp:term":[{"taxonomy":"category","embeddable":true,"href":"https:\/\/conexioncesar.com\/index.php\/wp-json\/wp\/v2\/categories?post=13801"},{"taxonomy":"post_tag","embeddable":true,"href":"https:\/\/conexioncesar.com\/index.php\/wp-json\/wp\/v2\/tags?post=13801"}],"curies":[{"name":"wp","href":"https:\/\/api.w.org\/{rel}","templated":true}]}}