{"id":17515,"date":"2026-07-17T16:32:22","date_gmt":"2026-07-17T21:32:22","guid":{"rendered":"https:\/\/conexioncesar.com\/?p=17515"},"modified":"2026-07-17T16:39:14","modified_gmt":"2026-07-17T21:39:14","slug":"ministerio-del-trabajo-presenta-balance-de-gestion-en-atlantico-con-inversion-superior-a-1-billon","status":"publish","type":"post","link":"https:\/\/conexioncesar.com\/index.php\/2026\/07\/17\/ministerio-del-trabajo-presenta-balance-de-gestion-en-atlantico-con-inversion-superior-a-1-billon\/","title":{"rendered":"Ministerio del Trabajo presenta balance de gesti\u00f3n en Atl\u00e1ntico con inversi\u00f3n superior a $1 bill\u00f3n de pesos"},"content":{"rendered":"\n<p class=\"wp-block-paragraph\">El Ministerio del Trabajo present\u00f3 este jueves su Rendici\u00f3n de Cuentas 2026 en Barranquilla, donde dio a conocer los principales resultados de su gesti\u00f3n en el departamento del Atl\u00e1ntico en materia de empleo, formaci\u00f3n para el trabajo, formalizaci\u00f3n laboral y fortalecimiento institucional.<\/p>\n\n\n\n<p class=\"wp-block-paragraph\">Durante la jornada, que reuni\u00f3 a autoridades, empresarios, organizaciones sindicales y ciudadan\u00eda, la cartera inform\u00f3 que entre 2022 y 2026 se ejecut\u00f3 una inversi\u00f3n superior a 1,03 billones de pesos en el departamento, principalmente a trav\u00e9s del Servicio Nacional de Aprendizaje (SENA), alcanzando una ejecuci\u00f3n del 95,6 % de los recursos administrados.<\/p>\n\n\n\n<p class=\"wp-block-paragraph\">Uno de los aspectos destacados fue la inversi\u00f3n de 737.853 millones de pesos destinada a programas de formaci\u00f3n para el trabajo, capacitaci\u00f3n rural, reconocimiento de saberes y contratos de aprendizaje. Seg\u00fan el Ministerio, el 58 % de las personas capacitadas logr\u00f3 acceder posteriormente a un empleo formal.<\/p>\n\n\n\n<p class=\"wp-block-paragraph\">En materia de formalizaci\u00f3n laboral, el balance se\u00f1ala que 5.558 trabajadores ingresaron a empleos formales durante los \u00faltimos cuatro a\u00f1os mediante estrategias desarrolladas conjuntamente con empresas de distintos sectores productivos del departamento.<\/p>\n\n\n\n<p class=\"wp-block-paragraph\">El informe tambi\u00e9n present\u00f3 resultados del Servicio P\u00fablico de Empleo, que actualmente registra 49.879 personas inscritas, 31.460 ciudadanos orientados laboralmente, 3.927 empresas vinculadas y m\u00e1s de 31.600 vacantes gestionadas en el Atl\u00e1ntico.<\/p>\n\n\n\n<p class=\"wp-block-paragraph\">No obstante, el Ministerio reconoci\u00f3 que el mercado laboral a\u00fan enfrenta importantes desaf\u00edos. Entre ellos mencion\u00f3 una tasa de informalidad del 57,7 %, un desempleo juvenil del 18,1 %, adem\u00e1s de las brechas de g\u00e9nero y la necesidad de fortalecer el tejido empresarial para ampliar las oportunidades de empleo digno.<\/p>\n\n\n\n<p class=\"wp-block-paragraph\">Durante el evento tambi\u00e9n participaron representantes de Colpensiones, el SENA, las cajas de compensaci\u00f3n Comfamiliar y Combarranquilla, la Unidad Solidaria y el Centro de Oportunidades de la Alcald\u00eda de Barranquilla, quienes expusieron avances en programas de empleabilidad, formaci\u00f3n y productividad.<\/p>\n\n\n\n<p class=\"wp-block-paragraph\">El ministro del Trabajo, Antonio Sanguino, afirm\u00f3 que la rendici\u00f3n de cuentas constituye un mecanismo para fortalecer la confianza ciudadana y evaluar los resultados de la gesti\u00f3n p\u00fablica.<\/p>\n\n\n\n<p class=\"wp-block-paragraph\">&#8220;Cada acci\u00f3n del Estado debe traducirse en m\u00e1s oportunidades, mayor protecci\u00f3n social y mejores condiciones laborales para los colombianos&#8221;, se\u00f1al\u00f3 el funcionario.<\/p>\n\n\n\n<p class=\"wp-block-paragraph\">La jornada concluy\u00f3 con testimonios de beneficiarios de los programas de empleo y formaci\u00f3n impulsados por la cartera laboral, as\u00ed como con un llamado a continuar fortaleciendo la articulaci\u00f3n entre el Gobierno, el sector empresarial y las entidades territoriales para enfrentar los retos del mercado laboral en la regi\u00f3n.<\/p>\n\n\n\n<p class=\"wp-block-paragraph\"><strong><em>Cifras clave<\/em><\/strong><\/p>\n\n\n\n<ul class=\"wp-block-list\">\n<li>$1,03 billones invertidos en Atl\u00e1ntico entre 2022 y 2026.<\/li>\n\n\n\n<li>95,6 % de ejecuci\u00f3n de los recursos administrados por el SENA.<\/li>\n\n\n\n<li>$737.853 millones destinados a formaci\u00f3n para el trabajo.<\/li>\n\n\n\n<li>58 % de los egresados de programas de formaci\u00f3n accedieron a empleo formal.<\/li>\n\n\n\n<li>5.558 trabajadores formalizados.<\/li>\n\n\n\n<li>49.879 personas inscritas en el Servicio P\u00fablico de Empleo.<\/li>\n\n\n\n<li>57,7 % de informalidad laboral.<\/li>\n\n\n\n<li>18,1 % de desempleo juvenil.<\/li>\n<\/ul>\n\n\n\n<p class=\"wp-block-paragraph\"><\/p>\n","protected":false},"excerpt":{"rendered":"<p>El Ministerio del Trabajo present\u00f3 este jueves su Rendici\u00f3n de Cuentas 2026 en Barranquilla, donde dio a conocer los principales resultados de su gesti\u00f3n en el departamento del Atl\u00e1ntico en materia de empleo, formaci\u00f3n para el trabajo, formalizaci\u00f3n laboral y fortalecimiento institucional. Durante la jornada, que reuni\u00f3 a autoridades, empresarios, organizaciones sindicales y ciudadan\u00eda, la [&hellip;]<\/p>\n","protected":false},"author":1,"featured_media":17516,"comment_status":"open","ping_status":"closed","sticky":false,"template":"","format":"standard","meta":{"_monsterinsights_skip_tracking":false,"footnotes":""},"categories":[44],"tags":[],"class_list":["post-17515","post","type-post","status-publish","format-standard","has-post-thumbnail","hentry","category-pais"],"aioseo_notices":[],"aioseo_head":"\n\t\t<!-- All in One SEO 5.0.0.1 - aioseo.com -->\n\t<meta name=\"description\" content=\"El Ministerio del Trabajo present\u00f3 este jueves su Rendici\u00f3n de Cuentas 2026 en Barranquilla, donde dio a conocer los principales resultados de su gesti\u00f3n en el departamento del Atl\u00e1ntico en materia de empleo, formaci\u00f3n para el trabajo, formalizaci\u00f3n laboral y fortalecimiento institucional. Durante la jornada, que reuni\u00f3 a autoridades, empresarios, organizaciones sindicales y ciudadan\u00eda, la\" \/>\n\t<meta name=\"robots\" content=\"max-image-preview:large\" \/>\n\t<meta name=\"author\" content=\"admccesar\"\/>\n\t<link rel=\"canonical\" href=\"https:\/\/conexioncesar.com\/index.php\/2026\/07\/17\/ministerio-del-trabajo-presenta-balance-de-gestion-en-atlantico-con-inversion-superior-a-1-billon\/\" \/>\n\t<meta name=\"generator\" content=\"All in One SEO (AIOSEO) 5.0.0.1\" \/>\n\t\t<meta property=\"og:locale\" content=\"es_ES\" \/>\n\t\t<meta property=\"og:site_name\" content=\"Conexi\u00f3n Cesar - Portal web\" \/>\n\t\t<meta property=\"og:type\" content=\"article\" \/>\n\t\t<meta property=\"og:title\" content=\"Ministerio del Trabajo presenta balance de gesti\u00f3n en Atl\u00e1ntico con inversi\u00f3n superior a $1 bill\u00f3n de pesos - Conexi\u00f3n Cesar\" \/>\n\t\t<meta property=\"og:description\" content=\"El Ministerio del Trabajo present\u00f3 este jueves su Rendici\u00f3n de Cuentas 2026 en Barranquilla, donde dio a conocer los principales resultados de su gesti\u00f3n en el departamento del Atl\u00e1ntico en materia de empleo, formaci\u00f3n para el trabajo, formalizaci\u00f3n laboral y fortalecimiento institucional. Durante la jornada, que reuni\u00f3 a autoridades, empresarios, organizaciones sindicales y ciudadan\u00eda, la\" \/>\n\t\t<meta property=\"og:url\" content=\"https:\/\/conexioncesar.com\/index.php\/2026\/07\/17\/ministerio-del-trabajo-presenta-balance-de-gestion-en-atlantico-con-inversion-superior-a-1-billon\/\" \/>\n\t\t<meta property=\"og:image\" content=\"https:\/\/conexioncesar.com\/wp-content\/uploads\/2026\/07\/Antonio-Santuino-Paez-Ministro-del-Trabajo.jpeg\" \/>\n\t\t<meta property=\"og:image:secure_url\" content=\"https:\/\/conexioncesar.com\/wp-content\/uploads\/2026\/07\/Antonio-Santuino-Paez-Ministro-del-Trabajo.jpeg\" \/>\n\t\t<meta property=\"og:image:width\" content=\"1280\" \/>\n\t\t<meta property=\"og:image:height\" content=\"853\" \/>\n\t\t<meta property=\"article:published_time\" content=\"2026-07-17T21:32:22+00:00\" \/>\n\t\t<meta property=\"article:modified_time\" content=\"2026-07-17T21:39:14+00:00\" \/>\n\t\t<meta property=\"article:publisher\" content=\"https:\/\/www.facebook.com\/profile.php?id=100083593141068\" \/>\n\t\t<meta name=\"twitter:card\" content=\"summary\" \/>\n\t\t<meta name=\"twitter:title\" content=\"Ministerio del Trabajo presenta balance de gesti\u00f3n en Atl\u00e1ntico con inversi\u00f3n superior a $1 bill\u00f3n de pesos - Conexi\u00f3n Cesar\" \/>\n\t\t<meta name=\"twitter:description\" content=\"El Ministerio del Trabajo present\u00f3 este jueves su Rendici\u00f3n de Cuentas 2026 en Barranquilla, donde dio a conocer los principales resultados de su gesti\u00f3n en el departamento del Atl\u00e1ntico en materia de empleo, formaci\u00f3n para el trabajo, formalizaci\u00f3n laboral y fortalecimiento institucional. Durante la jornada, que reuni\u00f3 a autoridades, empresarios, organizaciones sindicales y ciudadan\u00eda, la\" \/>\n\t\t<meta name=\"twitter:image\" content=\"https:\/\/conexioncesar.com\/wp-content\/uploads\/2026\/07\/Antonio-Santuino-Paez-Ministro-del-Trabajo.jpeg\" \/>\n\t\t<script type=\"application\/ld+json\" class=\"aioseo-schema\">\n\t\t\t{\"@context\":\"https:\\\/\\\/schema.org\",\"@graph\":[{\"@type\":\"BlogPosting\",\"@id\":\"https:\\\/\\\/conexioncesar.com\\\/index.php\\\/2026\\\/07\\\/17\\\/ministerio-del-trabajo-presenta-balance-de-gestion-en-atlantico-con-inversion-superior-a-1-billon\\\/#blogposting\",\"name\":\"Ministerio del Trabajo presenta balance de gesti\\u00f3n en Atl\\u00e1ntico con inversi\\u00f3n superior a $1 bill\\u00f3n de pesos - Conexi\\u00f3n Cesar\",\"headline\":\"Ministerio del Trabajo presenta balance de gesti\\u00f3n en Atl\\u00e1ntico con inversi\\u00f3n superior a $1 bill\\u00f3n de pesos\",\"author\":{\"@id\":\"https:\\\/\\\/conexioncesar.com\\\/index.php\\\/author\\\/admccesar\\\/#author\"},\"publisher\":{\"@id\":\"https:\\\/\\\/conexioncesar.com\\\/#organization\"},\"image\":{\"@type\":\"ImageObject\",\"url\":\"https:\\\/\\\/conexioncesar.com\\\/wp-content\\\/uploads\\\/2026\\\/07\\\/Antonio-Santuino-Paez-Ministro-del-Trabajo.jpeg\",\"width\":1280,\"height\":853},\"datePublished\":\"2026-07-17T16:32:22-05:00\",\"dateModified\":\"2026-07-17T16:39:14-05:00\",\"inLanguage\":\"es-CO\",\"commentCount\":1,\"mainEntityOfPage\":{\"@id\":\"https:\\\/\\\/conexioncesar.com\\\/index.php\\\/2026\\\/07\\\/17\\\/ministerio-del-trabajo-presenta-balance-de-gestion-en-atlantico-con-inversion-superior-a-1-billon\\\/#webpage\"},\"isPartOf\":{\"@id\":\"https:\\\/\\\/conexioncesar.com\\\/index.php\\\/2026\\\/07\\\/17\\\/ministerio-del-trabajo-presenta-balance-de-gestion-en-atlantico-con-inversion-superior-a-1-billon\\\/#webpage\"},\"articleSection\":\"Pa\\u00eds\"},{\"@type\":\"BreadcrumbList\",\"@id\":\"https:\\\/\\\/conexioncesar.com\\\/index.php\\\/2026\\\/07\\\/17\\\/ministerio-del-trabajo-presenta-balance-de-gestion-en-atlantico-con-inversion-superior-a-1-billon\\\/#breadcrumblist\",\"itemListElement\":[{\"@type\":\"ListItem\",\"@id\":\"https:\\\/\\\/conexioncesar.com#listItem\",\"position\":1,\"name\":\"Home\",\"item\":\"https:\\\/\\\/conexioncesar.com\",\"nextItem\":{\"@type\":\"ListItem\",\"@id\":\"https:\\\/\\\/conexioncesar.com\\\/index.php\\\/category\\\/pais\\\/#listItem\",\"name\":\"Pa\\u00eds\"}},{\"@type\":\"ListItem\",\"@id\":\"https:\\\/\\\/conexioncesar.com\\\/index.php\\\/category\\\/pais\\\/#listItem\",\"position\":2,\"name\":\"Pa\\u00eds\",\"item\":\"https:\\\/\\\/conexioncesar.com\\\/index.php\\\/category\\\/pais\\\/\",\"nextItem\":{\"@type\":\"ListItem\",\"@id\":\"https:\\\/\\\/conexioncesar.com\\\/index.php\\\/2026\\\/07\\\/17\\\/ministerio-del-trabajo-presenta-balance-de-gestion-en-atlantico-con-inversion-superior-a-1-billon\\\/#listItem\",\"name\":\"Ministerio del Trabajo presenta balance de gesti\\u00f3n en Atl\\u00e1ntico con inversi\\u00f3n superior a $1 bill\\u00f3n de pesos\"},\"previousItem\":{\"@type\":\"ListItem\",\"@id\":\"https:\\\/\\\/conexioncesar.com#listItem\",\"name\":\"Home\"}},{\"@type\":\"ListItem\",\"@id\":\"https:\\\/\\\/conexioncesar.com\\\/index.php\\\/2026\\\/07\\\/17\\\/ministerio-del-trabajo-presenta-balance-de-gestion-en-atlantico-con-inversion-superior-a-1-billon\\\/#listItem\",\"position\":3,\"name\":\"Ministerio del Trabajo presenta balance de gesti\\u00f3n en Atl\\u00e1ntico con inversi\\u00f3n superior a $1 bill\\u00f3n de pesos\",\"previousItem\":{\"@type\":\"ListItem\",\"@id\":\"https:\\\/\\\/conexioncesar.com\\\/index.php\\\/category\\\/pais\\\/#listItem\",\"name\":\"Pa\\u00eds\"}}]},{\"@type\":\"Organization\",\"@id\":\"https:\\\/\\\/conexioncesar.com\\\/#organization\",\"name\":\"Conexi\\u00f3n Cesar\",\"description\":\"Portal web\",\"url\":\"https:\\\/\\\/conexioncesar.com\\\/\",\"sameAs\":[\"https:\\\/\\\/www.facebook.com\\\/profile.php?id=100083593141068\",\"https:\\\/\\\/www.instagram.com\\\/conexioncesar?utm_source=ig_web_button_share_sheet&igsh=ZDNlZDc0MzIxNw==\",\"https:\\\/\\\/youtube.com\\\/@conexioncesar7309?si=sCv5WiO1fXEwkkYN\"]},{\"@type\":\"Person\",\"@id\":\"https:\\\/\\\/conexioncesar.com\\\/index.php\\\/author\\\/admccesar\\\/#author\",\"url\":\"https:\\\/\\\/conexioncesar.com\\\/index.php\\\/author\\\/admccesar\\\/\",\"name\":\"admccesar\",\"image\":{\"@type\":\"ImageObject\",\"@id\":\"https:\\\/\\\/conexioncesar.com\\\/index.php\\\/2026\\\/07\\\/17\\\/ministerio-del-trabajo-presenta-balance-de-gestion-en-atlantico-con-inversion-superior-a-1-billon\\\/#authorImage\",\"url\":\"https:\\\/\\\/secure.gravatar.com\\\/avatar\\\/bb14dc25bee5fd97148f651b904985f4508c0095d63e0eda456a03a8872a484e?s=96&d=mm&r=g\",\"width\":96,\"height\":96,\"caption\":\"admccesar\"}},{\"@type\":\"WebPage\",\"@id\":\"https:\\\/\\\/conexioncesar.com\\\/index.php\\\/2026\\\/07\\\/17\\\/ministerio-del-trabajo-presenta-balance-de-gestion-en-atlantico-con-inversion-superior-a-1-billon\\\/#webpage\",\"url\":\"https:\\\/\\\/conexioncesar.com\\\/index.php\\\/2026\\\/07\\\/17\\\/ministerio-del-trabajo-presenta-balance-de-gestion-en-atlantico-con-inversion-superior-a-1-billon\\\/\",\"name\":\"Ministerio del Trabajo presenta balance de gesti\\u00f3n en Atl\\u00e1ntico con inversi\\u00f3n superior a $1 bill\\u00f3n de pesos - Conexi\\u00f3n Cesar\",\"description\":\"El Ministerio del Trabajo present\\u00f3 este jueves su Rendici\\u00f3n de Cuentas 2026 en Barranquilla, donde dio a conocer los principales resultados de su gesti\\u00f3n en el departamento del Atl\\u00e1ntico en materia de empleo, formaci\\u00f3n para el trabajo, formalizaci\\u00f3n laboral y fortalecimiento institucional. Durante la jornada, que reuni\\u00f3 a autoridades, empresarios, organizaciones sindicales y ciudadan\\u00eda, la\",\"inLanguage\":\"es-CO\",\"isPartOf\":{\"@id\":\"https:\\\/\\\/conexioncesar.com\\\/#website\"},\"breadcrumb\":{\"@id\":\"https:\\\/\\\/conexioncesar.com\\\/index.php\\\/2026\\\/07\\\/17\\\/ministerio-del-trabajo-presenta-balance-de-gestion-en-atlantico-con-inversion-superior-a-1-billon\\\/#breadcrumblist\"},\"author\":{\"@id\":\"https:\\\/\\\/conexioncesar.com\\\/index.php\\\/author\\\/admccesar\\\/#author\"},\"creator\":{\"@id\":\"https:\\\/\\\/conexioncesar.com\\\/index.php\\\/author\\\/admccesar\\\/#author\"},\"image\":{\"@type\":\"ImageObject\",\"url\":\"https:\\\/\\\/conexioncesar.com\\\/wp-content\\\/uploads\\\/2026\\\/07\\\/Antonio-Santuino-Paez-Ministro-del-Trabajo.jpeg\",\"@id\":\"https:\\\/\\\/conexioncesar.com\\\/index.php\\\/2026\\\/07\\\/17\\\/ministerio-del-trabajo-presenta-balance-de-gestion-en-atlantico-con-inversion-superior-a-1-billon\\\/#mainImage\",\"width\":1280,\"height\":853},\"primaryImageOfPage\":{\"@id\":\"https:\\\/\\\/conexioncesar.com\\\/index.php\\\/2026\\\/07\\\/17\\\/ministerio-del-trabajo-presenta-balance-de-gestion-en-atlantico-con-inversion-superior-a-1-billon\\\/#mainImage\"},\"datePublished\":\"2026-07-17T16:32:22-05:00\",\"dateModified\":\"2026-07-17T16:39:14-05:00\"},{\"@type\":\"WebSite\",\"@id\":\"https:\\\/\\\/conexioncesar.com\\\/#website\",\"url\":\"https:\\\/\\\/conexioncesar.com\\\/\",\"name\":\"Conexi\\u00f3n Cesar\",\"description\":\"Portal web\",\"inLanguage\":\"es-CO\",\"publisher\":{\"@id\":\"https:\\\/\\\/conexioncesar.com\\\/#organization\"}}]}\n\t\t<\/script>\n\t\t<!-- All in One SEO -->\n\n","aioseo_head_json":{"title":"Ministerio del Trabajo presenta balance de gesti\u00f3n en Atl\u00e1ntico con inversi\u00f3n superior a $1 bill\u00f3n de pesos - Conexi\u00f3n Cesar","description":"El Ministerio del Trabajo present\u00f3 este jueves su Rendici\u00f3n de Cuentas 2026 en Barranquilla, donde dio a conocer los principales resultados de su gesti\u00f3n en el departamento del Atl\u00e1ntico en materia de empleo, formaci\u00f3n para el trabajo, formalizaci\u00f3n laboral y fortalecimiento institucional. Durante la jornada, que reuni\u00f3 a autoridades, empresarios, organizaciones sindicales y ciudadan\u00eda, la","canonical_url":"https:\/\/conexioncesar.com\/index.php\/2026\/07\/17\/ministerio-del-trabajo-presenta-balance-de-gestion-en-atlantico-con-inversion-superior-a-1-billon\/","robots":"max-image-preview:large","keywords":"","webmasterTools":{"miscellaneous":""},"schema":{"@context":"https:\/\/schema.org","@graph":[{"@type":"BlogPosting","@id":"https:\/\/conexioncesar.com\/index.php\/2026\/07\/17\/ministerio-del-trabajo-presenta-balance-de-gestion-en-atlantico-con-inversion-superior-a-1-billon\/#blogposting","name":"Ministerio del Trabajo presenta balance de gesti\u00f3n en Atl\u00e1ntico con inversi\u00f3n superior a $1 bill\u00f3n de pesos - Conexi\u00f3n Cesar","headline":"Ministerio del Trabajo presenta balance de gesti\u00f3n en Atl\u00e1ntico con inversi\u00f3n superior a $1 bill\u00f3n de pesos","author":{"@id":"https:\/\/conexioncesar.com\/index.php\/author\/admccesar\/#author"},"publisher":{"@id":"https:\/\/conexioncesar.com\/#organization"},"image":{"@type":"ImageObject","url":"https:\/\/conexioncesar.com\/wp-content\/uploads\/2026\/07\/Antonio-Santuino-Paez-Ministro-del-Trabajo.jpeg","width":1280,"height":853},"datePublished":"2026-07-17T16:32:22-05:00","dateModified":"2026-07-17T16:39:14-05:00","inLanguage":"es-CO","commentCount":1,"mainEntityOfPage":{"@id":"https:\/\/conexioncesar.com\/index.php\/2026\/07\/17\/ministerio-del-trabajo-presenta-balance-de-gestion-en-atlantico-con-inversion-superior-a-1-billon\/#webpage"},"isPartOf":{"@id":"https:\/\/conexioncesar.com\/index.php\/2026\/07\/17\/ministerio-del-trabajo-presenta-balance-de-gestion-en-atlantico-con-inversion-superior-a-1-billon\/#webpage"},"articleSection":"Pa\u00eds"},{"@type":"BreadcrumbList","@id":"https:\/\/conexioncesar.com\/index.php\/2026\/07\/17\/ministerio-del-trabajo-presenta-balance-de-gestion-en-atlantico-con-inversion-superior-a-1-billon\/#breadcrumblist","itemListElement":[{"@type":"ListItem","@id":"https:\/\/conexioncesar.com#listItem","position":1,"name":"Home","item":"https:\/\/conexioncesar.com","nextItem":{"@type":"ListItem","@id":"https:\/\/conexioncesar.com\/index.php\/category\/pais\/#listItem","name":"Pa\u00eds"}},{"@type":"ListItem","@id":"https:\/\/conexioncesar.com\/index.php\/category\/pais\/#listItem","position":2,"name":"Pa\u00eds","item":"https:\/\/conexioncesar.com\/index.php\/category\/pais\/","nextItem":{"@type":"ListItem","@id":"https:\/\/conexioncesar.com\/index.php\/2026\/07\/17\/ministerio-del-trabajo-presenta-balance-de-gestion-en-atlantico-con-inversion-superior-a-1-billon\/#listItem","name":"Ministerio del Trabajo presenta balance de gesti\u00f3n en Atl\u00e1ntico con inversi\u00f3n superior a $1 bill\u00f3n de pesos"},"previousItem":{"@type":"ListItem","@id":"https:\/\/conexioncesar.com#listItem","name":"Home"}},{"@type":"ListItem","@id":"https:\/\/conexioncesar.com\/index.php\/2026\/07\/17\/ministerio-del-trabajo-presenta-balance-de-gestion-en-atlantico-con-inversion-superior-a-1-billon\/#listItem","position":3,"name":"Ministerio del Trabajo presenta balance de gesti\u00f3n en Atl\u00e1ntico con inversi\u00f3n superior a $1 bill\u00f3n de pesos","previousItem":{"@type":"ListItem","@id":"https:\/\/conexioncesar.com\/index.php\/category\/pais\/#listItem","name":"Pa\u00eds"}}]},{"@type":"Organization","@id":"https:\/\/conexioncesar.com\/#organization","name":"Conexi\u00f3n Cesar","description":"Portal web","url":"https:\/\/conexioncesar.com\/","sameAs":["https:\/\/www.facebook.com\/profile.php?id=100083593141068","https:\/\/www.instagram.com\/conexioncesar?utm_source=ig_web_button_share_sheet&igsh=ZDNlZDc0MzIxNw==","https:\/\/youtube.com\/@conexioncesar7309?si=sCv5WiO1fXEwkkYN"]},{"@type":"Person","@id":"https:\/\/conexioncesar.com\/index.php\/author\/admccesar\/#author","url":"https:\/\/conexioncesar.com\/index.php\/author\/admccesar\/","name":"admccesar","image":{"@type":"ImageObject","@id":"https:\/\/conexioncesar.com\/index.php\/2026\/07\/17\/ministerio-del-trabajo-presenta-balance-de-gestion-en-atlantico-con-inversion-superior-a-1-billon\/#authorImage","url":"https:\/\/secure.gravatar.com\/avatar\/bb14dc25bee5fd97148f651b904985f4508c0095d63e0eda456a03a8872a484e?s=96&d=mm&r=g","width":96,"height":96,"caption":"admccesar"}},{"@type":"WebPage","@id":"https:\/\/conexioncesar.com\/index.php\/2026\/07\/17\/ministerio-del-trabajo-presenta-balance-de-gestion-en-atlantico-con-inversion-superior-a-1-billon\/#webpage","url":"https:\/\/conexioncesar.com\/index.php\/2026\/07\/17\/ministerio-del-trabajo-presenta-balance-de-gestion-en-atlantico-con-inversion-superior-a-1-billon\/","name":"Ministerio del Trabajo presenta balance de gesti\u00f3n en Atl\u00e1ntico con inversi\u00f3n superior a $1 bill\u00f3n de pesos - Conexi\u00f3n Cesar","description":"El Ministerio del Trabajo present\u00f3 este jueves su Rendici\u00f3n de Cuentas 2026 en Barranquilla, donde dio a conocer los principales resultados de su gesti\u00f3n en el departamento del Atl\u00e1ntico en materia de empleo, formaci\u00f3n para el trabajo, formalizaci\u00f3n laboral y fortalecimiento institucional. Durante la jornada, que reuni\u00f3 a autoridades, empresarios, organizaciones sindicales y ciudadan\u00eda, la","inLanguage":"es-CO","isPartOf":{"@id":"https:\/\/conexioncesar.com\/#website"},"breadcrumb":{"@id":"https:\/\/conexioncesar.com\/index.php\/2026\/07\/17\/ministerio-del-trabajo-presenta-balance-de-gestion-en-atlantico-con-inversion-superior-a-1-billon\/#breadcrumblist"},"author":{"@id":"https:\/\/conexioncesar.com\/index.php\/author\/admccesar\/#author"},"creator":{"@id":"https:\/\/conexioncesar.com\/index.php\/author\/admccesar\/#author"},"image":{"@type":"ImageObject","url":"https:\/\/conexioncesar.com\/wp-content\/uploads\/2026\/07\/Antonio-Santuino-Paez-Ministro-del-Trabajo.jpeg","@id":"https:\/\/conexioncesar.com\/index.php\/2026\/07\/17\/ministerio-del-trabajo-presenta-balance-de-gestion-en-atlantico-con-inversion-superior-a-1-billon\/#mainImage","width":1280,"height":853},"primaryImageOfPage":{"@id":"https:\/\/conexioncesar.com\/index.php\/2026\/07\/17\/ministerio-del-trabajo-presenta-balance-de-gestion-en-atlantico-con-inversion-superior-a-1-billon\/#mainImage"},"datePublished":"2026-07-17T16:32:22-05:00","dateModified":"2026-07-17T16:39:14-05:00"},{"@type":"WebSite","@id":"https:\/\/conexioncesar.com\/#website","url":"https:\/\/conexioncesar.com\/","name":"Conexi\u00f3n Cesar","description":"Portal web","inLanguage":"es-CO","publisher":{"@id":"https:\/\/conexioncesar.com\/#organization"}}]},"og:locale":"es_ES","og:site_name":"Conexi\u00f3n Cesar - Portal web","og:type":"article","og:title":"Ministerio del Trabajo presenta balance de gesti\u00f3n en Atl\u00e1ntico con inversi\u00f3n superior a $1 bill\u00f3n de pesos - Conexi\u00f3n Cesar","og:description":"El Ministerio del Trabajo present\u00f3 este jueves su Rendici\u00f3n de Cuentas 2026 en Barranquilla, donde dio a conocer los principales resultados de su gesti\u00f3n en el departamento del Atl\u00e1ntico en materia de empleo, formaci\u00f3n para el trabajo, formalizaci\u00f3n laboral y fortalecimiento institucional. Durante la jornada, que reuni\u00f3 a autoridades, empresarios, organizaciones sindicales y ciudadan\u00eda, la","og:url":"https:\/\/conexioncesar.com\/index.php\/2026\/07\/17\/ministerio-del-trabajo-presenta-balance-de-gestion-en-atlantico-con-inversion-superior-a-1-billon\/","og:image":"https:\/\/conexioncesar.com\/wp-content\/uploads\/2026\/07\/Antonio-Santuino-Paez-Ministro-del-Trabajo.jpeg","og:image:secure_url":"https:\/\/conexioncesar.com\/wp-content\/uploads\/2026\/07\/Antonio-Santuino-Paez-Ministro-del-Trabajo.jpeg","og:image:width":1280,"og:image:height":853,"article:published_time":"2026-07-17T21:32:22+00:00","article:modified_time":"2026-07-17T21:39:14+00:00","article:publisher":"https:\/\/www.facebook.com\/profile.php?id=100083593141068","twitter:card":"summary","twitter:title":"Ministerio del Trabajo presenta balance de gesti\u00f3n en Atl\u00e1ntico con inversi\u00f3n superior a $1 bill\u00f3n de pesos - Conexi\u00f3n Cesar","twitter:description":"El Ministerio del Trabajo present\u00f3 este jueves su Rendici\u00f3n de Cuentas 2026 en Barranquilla, donde dio a conocer los principales resultados de su gesti\u00f3n en el departamento del Atl\u00e1ntico en materia de empleo, formaci\u00f3n para el trabajo, formalizaci\u00f3n laboral y fortalecimiento institucional. Durante la jornada, que reuni\u00f3 a autoridades, empresarios, organizaciones sindicales y ciudadan\u00eda, la","twitter:image":"https:\/\/conexioncesar.com\/wp-content\/uploads\/2026\/07\/Antonio-Santuino-Paez-Ministro-del-Trabajo.jpeg"},"aioseo_meta_data":{"post_id":"17515","title":null,"description":null,"keywords":null,"keyphrases":{"focus":{"keyphrase":"","score":0,"analysis":{"keyphraseInTitle":{"score":0,"maxScore":9,"error":1}}},"additional":[]},"primary_term":null,"canonical_url":null,"og_title":null,"og_description":null,"og_object_type":"default","og_image_type":"default","og_image_url":null,"og_image_width":null,"og_image_height":null,"og_image_custom_url":null,"og_image_custom_fields":null,"og_video":"","og_custom_url":null,"og_article_section":null,"og_article_tags":null,"twitter_use_og":false,"twitter_card":"default","twitter_image_type":"default","twitter_image_url":null,"twitter_image_custom_url":null,"twitter_image_custom_fields":null,"twitter_title":null,"twitter_description":null,"schema":{"blockGraphs":[],"customGraphs":[],"default":{"data":{"Article":[],"Course":[],"Dataset":[],"FAQPage":[],"Movie":[],"Person":[],"Product":[],"ProductReview":[],"Car":[],"Recipe":[],"Service":[],"SoftwareApplication":[],"WebPage":[]},"graphName":"BlogPosting","isEnabled":true},"graphs":[]},"schema_type":"default","schema_type_options":null,"pillar_content":false,"robots_default":true,"robots_noindex":false,"robots_noarchive":false,"robots_nosnippet":false,"robots_nofollow":false,"robots_noimageindex":false,"robots_noodp":false,"robots_notranslate":false,"robots_max_snippet":"-1","robots_max_videopreview":"-1","robots_max_imagepreview":"large","priority":null,"frequency":"default","local_seo":null,"breadcrumb_settings":null,"limit_modified_date":false,"ai":{"faqs":[],"keyPoints":[],"schemas":[],"titles":[],"descriptions":[],"socialPosts":{"email":[],"linkedin":[],"twitter":[],"facebook":[],"instagram":[]}},"created":"2026-07-17 21:32:22","updated":"2026-07-17 21:52:24","focus_keyword":null,"additional_keywords":null,"truseo_locale":null,"seo_analyzer_scan_date":null},"aioseo_breadcrumb":"<div class=\"aioseo-breadcrumbs\"><span class=\"aioseo-breadcrumb\">\n\t\t\t<a href=\"https:\/\/conexioncesar.com\" title=\"Home\">Home<\/a>\n\t\t<\/span><span class=\"aioseo-breadcrumb-separator\">&raquo;<\/span><span class=\"aioseo-breadcrumb\">\n\t\t\t<a href=\"https:\/\/conexioncesar.com\/index.php\/category\/pais\/\" title=\"Pa\u00eds\">Pa\u00eds<\/a>\n\t\t<\/span><span class=\"aioseo-breadcrumb-separator\">&raquo;<\/span><span class=\"aioseo-breadcrumb\">\n\t\t\tMinisterio del Trabajo presenta balance de gesti\u00f3n en Atl\u00e1ntico con inversi\u00f3n superior a $1 bill\u00f3n de pesos\n\t\t<\/span><\/div>","aioseo_breadcrumb_json":[{"label":"Home","link":"https:\/\/conexioncesar.com"},{"label":"Pa\u00eds","link":"https:\/\/conexioncesar.com\/index.php\/category\/pais\/"},{"label":"Ministerio del Trabajo presenta balance de gesti\u00f3n en Atl\u00e1ntico con inversi\u00f3n superior a $1 bill\u00f3n de pesos","link":"https:\/\/conexioncesar.com\/index.php\/2026\/07\/17\/ministerio-del-trabajo-presenta-balance-de-gestion-en-atlantico-con-inversion-superior-a-1-billon\/"}],"jetpack_featured_media_url":"https:\/\/conexioncesar.com\/wp-content\/uploads\/2026\/07\/Antonio-Santuino-Paez-Ministro-del-Trabajo.jpeg","_links":{"self":[{"href":"https:\/\/conexioncesar.com\/index.php\/wp-json\/wp\/v2\/posts\/17515","targetHints":{"allow":["GET"]}}],"collection":[{"href":"https:\/\/conexioncesar.com\/index.php\/wp-json\/wp\/v2\/posts"}],"about":[{"href":"https:\/\/conexioncesar.com\/index.php\/wp-json\/wp\/v2\/types\/post"}],"author":[{"embeddable":true,"href":"https:\/\/conexioncesar.com\/index.php\/wp-json\/wp\/v2\/users\/1"}],"replies":[{"embeddable":true,"href":"https:\/\/conexioncesar.com\/index.php\/wp-json\/wp\/v2\/comments?post=17515"}],"version-history":[{"count":0,"href":"https:\/\/conexioncesar.com\/index.php\/wp-json\/wp\/v2\/posts\/17515\/revisions"}],"wp:featuredmedia":[{"embeddable":true,"href":"https:\/\/conexioncesar.com\/index.php\/wp-json\/wp\/v2\/media\/17516"}],"wp:attachment":[{"href":"https:\/\/conexioncesar.com\/index.php\/wp-json\/wp\/v2\/media?parent=17515"}],"wp:term":[{"taxonomy":"category","embeddable":true,"href":"https:\/\/conexioncesar.com\/index.php\/wp-json\/wp\/v2\/categories?post=17515"},{"taxonomy":"post_tag","embeddable":true,"href":"https:\/\/conexioncesar.com\/index.php\/wp-json\/wp\/v2\/tags?post=17515"}],"curies":[{"name":"wp","href":"https:\/\/api.w.org\/{rel}","templated":true}]}}