{"id":17739,"date":"2026-08-31T06:25:10","date_gmt":"2026-08-31T11:25:10","guid":{"rendered":"https:\/\/conexioncesar.com\/?p=17739"},"modified":"2026-08-31T06:25:12","modified_gmt":"2026-08-31T11:25:12","slug":"gobierno-del-cesar-gestiona-ante-la-adr-financiacion-para-el-campo-en-sistemas-productivos-agricolas-exportables","status":"publish","type":"post","link":"https:\/\/conexioncesar.com\/index.php\/2026\/08\/31\/gobierno-del-cesar-gestiona-ante-la-adr-financiacion-para-el-campo-en-sistemas-productivos-agricolas-exportables\/","title":{"rendered":"Gobierno del Cesar gestiona ante la ADR financiaci\u00f3n para el campo en sistemas productivos agr\u00edcolas exportables"},"content":{"rendered":"\n<p class=\"wp-block-paragraph\">De acuerdo con las prioridades establecidas por el ministro de Agricultura y Desarrollo Rural, por instrucci\u00f3n de la gobernadora Elvia Milena Sanjuan D\u00e1vila, a trav\u00e9s de la Secretar\u00eda de Agricultura, avanza en la gesti\u00f3n ante la Agencia de Desarrollo Rural (ADR) de recursos para el campo, orientados al fortalecimiento de sistemas productivos con potencial exportador.<\/p>\n\n\n\n<p class=\"wp-block-paragraph\">Con este prop\u00f3sito, el secretario de Agricultura del Cesar, Jos\u00e9 Francisco Sequeda, sostuvo una reuni\u00f3n de trabajo con el presidente de la Agencia de Desarrollo Rural, Orlando Dangond, en la que present\u00f3 las principales potencialidades del sector agropecuario del departamento, as\u00ed como cuatro propuestas de financiaci\u00f3n para las l\u00edneas de cacao, caf\u00e9, pl\u00e1tano y ganader\u00eda sostenible.<\/p>\n\n\n\n<p class=\"wp-block-paragraph\">La gesti\u00f3n busca impulsar sistemas productivos con potencial de crecimiento y comercializaci\u00f3n, generar mayores oportunidades econ\u00f3micas para los productores y fortalecer las capacidades del campo cesarense para acceder a mercados nacionales e internacionales.<\/p>\n\n\n\n<p class=\"wp-block-paragraph\">Durante el encuentro, que se extendi\u00f3 por aproximadamente una hora y media, el secretario present\u00f3 un panorama del sector agropecuario del Cesar, con cifras relacionadas con la actividad econ\u00f3mica, la producci\u00f3n y la ganader\u00eda, adem\u00e1s de las principales necesidades identificadas en el territorio y las alternativas que se vienen planteando para atenderlas.<\/p>\n\n\n\n<p class=\"wp-block-paragraph\">\u201cFue un primer abrebocas, una contextualizaci\u00f3n que hicimos al presidente en cifras econ\u00f3micas, cifras de cultivos, cifras de cabezas de ganado, las principales potencialidades que tenemos en el departamento y qu\u00e9 alternativas de soluci\u00f3n tenemos\u201d, explic\u00f3 el secretario de Agricultura del Cesar, Jos\u00e9 Francisco Sequeda.<\/p>\n\n\n\n<p class=\"wp-block-paragraph\">Cuatro propuestas de financiaci\u00f3n para el desarrollo del campo<\/p>\n\n\n\n<p class=\"wp-block-paragraph\">Uno de los principales temas abordados durante la reuni\u00f3n fue la necesidad de mejorar el acceso al agua en las unidades productivas, especialmente frente a las temporadas de sequ\u00eda y las altas temperaturas que afectan a los productores del departamento.<\/p>\n\n\n\n<p class=\"wp-block-paragraph\">A partir de esta necesidad y de las potencialidades identificadas en el territorio, la Secretar\u00eda de Agricultura present\u00f3 ante la ADR cuatro propuestas de financiaci\u00f3n orientadas a fortalecer sistemas productivos con oportunidades de crecimiento, comercializaci\u00f3n y acceso a nuevos mercados.<\/p>\n\n\n\n<p class=\"wp-block-paragraph\">Entre ellas se encuentra una iniciativa para el fortalecimiento de la cadena del cacao, considerada una de las apuestas agr\u00edcolas con mayores posibilidades de llegar a mercados internacionales. De igual manera, se present\u00f3 una propuesta para impulsar la producci\u00f3n de caf\u00e9 y fortalecer esta cadena productiva con miras a ampliar sus oportunidades comerciales.<\/p>\n\n\n\n<p class=\"wp-block-paragraph\">La tercera propuesta est\u00e1 relacionada con el pl\u00e1tano, una l\u00ednea productiva con potencial en municipios como Curuman\u00ed y San Diego, entre otros territorios del departamento.<\/p>\n\n\n\n<p class=\"wp-block-paragraph\">La cuarta propuesta est\u00e1 enfocada en la ganader\u00eda sostenible, mediante un modelo dirigido principalmente a peque\u00f1os productores, que contempla alternativas para mejorar las condiciones de producci\u00f3n y enfrentar los efectos de las altas temperaturas.<\/p>\n\n\n\n<p class=\"wp-block-paragraph\">La iniciativa incluye sistemas de riego, cercas vivas, cercas el\u00e9ctricas y el establecimiento de especies maderables que permitan generar sombra y contribuir al bienestar animal y a la sostenibilidad de los sistemas ganaderos.<\/p>\n\n\n\n<p class=\"wp-block-paragraph\">El acceso al agua, una prioridad para el campo<\/p>\n\n\n\n<p class=\"wp-block-paragraph\">Durante la reuni\u00f3n en la Agencia de Desarrollo Rural, la Secretar\u00eda de Agricultura plante\u00f3 la necesidad de avanzar en soluciones que permitan mejorar la disponibilidad y el acceso al agua en las zonas productivas del Cesar.<\/p>\n\n\n\n<p class=\"wp-block-paragraph\">La apuesta es que las iniciativas productivas incorporen alternativas que ayuden a enfrentar los efectos de las condiciones clim\u00e1ticas y las temporadas de sequ\u00eda, al tiempo que generen mejores condiciones para la producci\u00f3n agropecuaria.<\/p>\n\n\n\n<p class=\"wp-block-paragraph\">Adem\u00e1s, las propuestas presentadas est\u00e1n alineadas con la prioridad de impulsar sistemas productivos con posibilidades de acceder a mercados internacionales.<\/p>\n\n\n\n<p class=\"wp-block-paragraph\">\u201cNosotros presentamos cuatro proyectos de inversi\u00f3n. Adem\u00e1s, existe la directriz de apuntarle a la financiaci\u00f3n de proyectos y sistemas productivos que sean exportables, y aqu\u00ed en el Cesar tenemos varios. Eso fue lo que presentamos ante la Agencia de Desarrollo Rural\u201d, se\u00f1al\u00f3 Sequeda.<\/p>\n\n\n\n<p class=\"wp-block-paragraph\">Avanza la gesti\u00f3n hacia la financiaci\u00f3n<\/p>\n\n\n\n<p class=\"wp-block-paragraph\">Como resultado de este primer acercamiento, se estableci\u00f3 una ruta de trabajo entre la Gobernaci\u00f3n del Cesar y la Agencia de Desarrollo Rural para avanzar en la estructuraci\u00f3n t\u00e9cnica de las iniciativas y ajustarlas a los lineamientos requeridos para gestionar su financiaci\u00f3n.<\/p>\n\n\n\n<p class=\"wp-block-paragraph\">Desde la Secretar\u00eda de Agricultura se continuar\u00e1 trabajando en el fortalecimiento de las propuestas, con el prop\u00f3sito de cumplir los par\u00e1metros t\u00e9cnicos establecidos por la ADR y avanzar en la gesti\u00f3n de los recursos necesarios para que estas iniciativas puedan recibir financiaci\u00f3n y convertirse en proyectos concretos para los productores del departamento.<\/p>\n\n\n\n<p class=\"wp-block-paragraph\">Esta gesti\u00f3n se suma a las acciones que adelanta la Gobernaci\u00f3n del Cesar para atraer recursos, fortalecer las cadenas productivas y generar nuevas oportunidades de crecimiento para el sector agropecuario.<\/p>\n\n\n\n<p class=\"wp-block-paragraph\">Con esta agenda, el Gobierno del Cesar contin\u00faa avanzando en la gesti\u00f3n de financiaci\u00f3n y alianzas que permitan fortalecer la productividad, promover sistemas sostenibles, mejorar las condiciones de los productores y aprovechar el potencial productivo del departamento.<\/p>\n","protected":false},"excerpt":{"rendered":"<p>De acuerdo con las prioridades establecidas por el ministro de Agricultura y Desarrollo Rural, por instrucci\u00f3n de la gobernadora Elvia Milena Sanjuan D\u00e1vila, a trav\u00e9s de la Secretar\u00eda de Agricultura, avanza en la gesti\u00f3n ante la Agencia de Desarrollo Rural (ADR) de recursos para el campo, orientados al fortalecimiento de sistemas productivos con potencial exportador. [&hellip;]<\/p>\n","protected":false},"author":1,"featured_media":17740,"comment_status":"open","ping_status":"closed","sticky":false,"template":"","format":"standard","meta":{"_monsterinsights_skip_tracking":false,"footnotes":""},"categories":[37],"tags":[],"class_list":["post-17739","post","type-post","status-publish","format-standard","has-post-thumbnail","hentry","category-generales"],"aioseo_notices":[],"aioseo_head":"\n\t\t<!-- All in One SEO 5.0.0.1 - aioseo.com -->\n\t<meta name=\"description\" content=\"De acuerdo con las prioridades establecidas por el ministro de Agricultura y Desarrollo Rural, por instrucci\u00f3n de la gobernadora Elvia Milena Sanjuan D\u00e1vila, a trav\u00e9s de la Secretar\u00eda de Agricultura, avanza en la gesti\u00f3n ante la Agencia de Desarrollo Rural (ADR) de recursos para el campo, orientados al fortalecimiento de sistemas productivos con potencial exportador.\" \/>\n\t<meta name=\"robots\" content=\"max-image-preview:large\" \/>\n\t<meta name=\"author\" content=\"admccesar\"\/>\n\t<link rel=\"canonical\" href=\"https:\/\/conexioncesar.com\/index.php\/2026\/08\/31\/gobierno-del-cesar-gestiona-ante-la-adr-financiacion-para-el-campo-en-sistemas-productivos-agricolas-exportables\/\" \/>\n\t<meta name=\"generator\" content=\"All in One SEO (AIOSEO) 5.0.0.1\" \/>\n\t\t<meta property=\"og:locale\" content=\"es_ES\" \/>\n\t\t<meta property=\"og:site_name\" content=\"Conexi\u00f3n Cesar - Portal web\" \/>\n\t\t<meta property=\"og:type\" content=\"article\" \/>\n\t\t<meta property=\"og:title\" content=\"Gobierno del Cesar gestiona ante la ADR financiaci\u00f3n para el campo en sistemas productivos agr\u00edcolas exportables - Conexi\u00f3n Cesar\" \/>\n\t\t<meta property=\"og:description\" content=\"De acuerdo con las prioridades establecidas por el ministro de Agricultura y Desarrollo Rural, por instrucci\u00f3n de la gobernadora Elvia Milena Sanjuan D\u00e1vila, a trav\u00e9s de la Secretar\u00eda de Agricultura, avanza en la gesti\u00f3n ante la Agencia de Desarrollo Rural (ADR) de recursos para el campo, orientados al fortalecimiento de sistemas productivos con potencial exportador.\" \/>\n\t\t<meta property=\"og:url\" content=\"https:\/\/conexioncesar.com\/index.php\/2026\/08\/31\/gobierno-del-cesar-gestiona-ante-la-adr-financiacion-para-el-campo-en-sistemas-productivos-agricolas-exportables\/\" \/>\n\t\t<meta property=\"og:image\" content=\"https:\/\/conexioncesar.com\/wp-content\/uploads\/2026\/08\/WhatsApp-Image-2026-08-31-at-6.14.57-AM.jpeg\" \/>\n\t\t<meta property=\"og:image:secure_url\" content=\"https:\/\/conexioncesar.com\/wp-content\/uploads\/2026\/08\/WhatsApp-Image-2026-08-31-at-6.14.57-AM.jpeg\" \/>\n\t\t<meta property=\"og:image:width\" content=\"1280\" \/>\n\t\t<meta property=\"og:image:height\" content=\"736\" \/>\n\t\t<meta property=\"article:published_time\" content=\"2026-08-31T11:25:10+00:00\" \/>\n\t\t<meta property=\"article:modified_time\" content=\"2026-08-31T11:25:12+00:00\" \/>\n\t\t<meta property=\"article:publisher\" content=\"https:\/\/www.facebook.com\/profile.php?id=100083593141068\" \/>\n\t\t<meta name=\"twitter:card\" content=\"summary\" \/>\n\t\t<meta name=\"twitter:title\" content=\"Gobierno del Cesar gestiona ante la ADR financiaci\u00f3n para el campo en sistemas productivos agr\u00edcolas exportables - Conexi\u00f3n Cesar\" \/>\n\t\t<meta name=\"twitter:description\" content=\"De acuerdo con las prioridades establecidas por el ministro de Agricultura y Desarrollo Rural, por instrucci\u00f3n de la gobernadora Elvia Milena Sanjuan D\u00e1vila, a trav\u00e9s de la Secretar\u00eda de Agricultura, avanza en la gesti\u00f3n ante la Agencia de Desarrollo Rural (ADR) de recursos para el campo, orientados al fortalecimiento de sistemas productivos con potencial exportador.\" \/>\n\t\t<meta name=\"twitter:image\" content=\"https:\/\/conexioncesar.com\/wp-content\/uploads\/2026\/08\/WhatsApp-Image-2026-08-31-at-6.14.57-AM.jpeg\" \/>\n\t\t<script type=\"application\/ld+json\" class=\"aioseo-schema\">\n\t\t\t{\"@context\":\"https:\\\/\\\/schema.org\",\"@graph\":[{\"@type\":\"BlogPosting\",\"@id\":\"https:\\\/\\\/conexioncesar.com\\\/index.php\\\/2026\\\/08\\\/31\\\/gobierno-del-cesar-gestiona-ante-la-adr-financiacion-para-el-campo-en-sistemas-productivos-agricolas-exportables\\\/#blogposting\",\"name\":\"Gobierno del Cesar gestiona ante la ADR financiaci\\u00f3n para el campo en sistemas productivos agr\\u00edcolas exportables - Conexi\\u00f3n Cesar\",\"headline\":\"Gobierno del Cesar gestiona ante la ADR financiaci\\u00f3n para el campo en sistemas productivos agr\\u00edcolas exportables\",\"author\":{\"@id\":\"https:\\\/\\\/conexioncesar.com\\\/index.php\\\/author\\\/admccesar\\\/#author\"},\"publisher\":{\"@id\":\"https:\\\/\\\/conexioncesar.com\\\/#organization\"},\"image\":{\"@type\":\"ImageObject\",\"url\":\"https:\\\/\\\/conexioncesar.com\\\/wp-content\\\/uploads\\\/2026\\\/08\\\/WhatsApp-Image-2026-08-31-at-6.14.57-AM.jpeg\",\"width\":1280,\"height\":736},\"datePublished\":\"2026-08-31T06:25:10-05:00\",\"dateModified\":\"2026-08-31T06:25:12-05:00\",\"inLanguage\":\"es-CO\",\"mainEntityOfPage\":{\"@id\":\"https:\\\/\\\/conexioncesar.com\\\/index.php\\\/2026\\\/08\\\/31\\\/gobierno-del-cesar-gestiona-ante-la-adr-financiacion-para-el-campo-en-sistemas-productivos-agricolas-exportables\\\/#webpage\"},\"isPartOf\":{\"@id\":\"https:\\\/\\\/conexioncesar.com\\\/index.php\\\/2026\\\/08\\\/31\\\/gobierno-del-cesar-gestiona-ante-la-adr-financiacion-para-el-campo-en-sistemas-productivos-agricolas-exportables\\\/#webpage\"},\"articleSection\":\"Generales\"},{\"@type\":\"BreadcrumbList\",\"@id\":\"https:\\\/\\\/conexioncesar.com\\\/index.php\\\/2026\\\/08\\\/31\\\/gobierno-del-cesar-gestiona-ante-la-adr-financiacion-para-el-campo-en-sistemas-productivos-agricolas-exportables\\\/#breadcrumblist\",\"itemListElement\":[{\"@type\":\"ListItem\",\"@id\":\"https:\\\/\\\/conexioncesar.com#listItem\",\"position\":1,\"name\":\"Home\",\"item\":\"https:\\\/\\\/conexioncesar.com\",\"nextItem\":{\"@type\":\"ListItem\",\"@id\":\"https:\\\/\\\/conexioncesar.com\\\/index.php\\\/category\\\/generales\\\/#listItem\",\"name\":\"Generales\"}},{\"@type\":\"ListItem\",\"@id\":\"https:\\\/\\\/conexioncesar.com\\\/index.php\\\/category\\\/generales\\\/#listItem\",\"position\":2,\"name\":\"Generales\",\"item\":\"https:\\\/\\\/conexioncesar.com\\\/index.php\\\/category\\\/generales\\\/\",\"nextItem\":{\"@type\":\"ListItem\",\"@id\":\"https:\\\/\\\/conexioncesar.com\\\/index.php\\\/2026\\\/08\\\/31\\\/gobierno-del-cesar-gestiona-ante-la-adr-financiacion-para-el-campo-en-sistemas-productivos-agricolas-exportables\\\/#listItem\",\"name\":\"Gobierno del Cesar gestiona ante la ADR financiaci\\u00f3n para el campo en sistemas productivos agr\\u00edcolas exportables\"},\"previousItem\":{\"@type\":\"ListItem\",\"@id\":\"https:\\\/\\\/conexioncesar.com#listItem\",\"name\":\"Home\"}},{\"@type\":\"ListItem\",\"@id\":\"https:\\\/\\\/conexioncesar.com\\\/index.php\\\/2026\\\/08\\\/31\\\/gobierno-del-cesar-gestiona-ante-la-adr-financiacion-para-el-campo-en-sistemas-productivos-agricolas-exportables\\\/#listItem\",\"position\":3,\"name\":\"Gobierno del Cesar gestiona ante la ADR financiaci\\u00f3n para el campo en sistemas productivos agr\\u00edcolas exportables\",\"previousItem\":{\"@type\":\"ListItem\",\"@id\":\"https:\\\/\\\/conexioncesar.com\\\/index.php\\\/category\\\/generales\\\/#listItem\",\"name\":\"Generales\"}}]},{\"@type\":\"Organization\",\"@id\":\"https:\\\/\\\/conexioncesar.com\\\/#organization\",\"name\":\"Conexi\\u00f3n Cesar\",\"description\":\"Portal web\",\"url\":\"https:\\\/\\\/conexioncesar.com\\\/\",\"sameAs\":[\"https:\\\/\\\/www.facebook.com\\\/profile.php?id=100083593141068\",\"https:\\\/\\\/www.instagram.com\\\/conexioncesar?utm_source=ig_web_button_share_sheet&igsh=ZDNlZDc0MzIxNw==\",\"https:\\\/\\\/youtube.com\\\/@conexioncesar7309?si=sCv5WiO1fXEwkkYN\"]},{\"@type\":\"Person\",\"@id\":\"https:\\\/\\\/conexioncesar.com\\\/index.php\\\/author\\\/admccesar\\\/#author\",\"url\":\"https:\\\/\\\/conexioncesar.com\\\/index.php\\\/author\\\/admccesar\\\/\",\"name\":\"admccesar\",\"image\":{\"@type\":\"ImageObject\",\"@id\":\"https:\\\/\\\/conexioncesar.com\\\/index.php\\\/2026\\\/08\\\/31\\\/gobierno-del-cesar-gestiona-ante-la-adr-financiacion-para-el-campo-en-sistemas-productivos-agricolas-exportables\\\/#authorImage\",\"url\":\"https:\\\/\\\/secure.gravatar.com\\\/avatar\\\/bb14dc25bee5fd97148f651b904985f4508c0095d63e0eda456a03a8872a484e?s=96&d=mm&r=g\",\"width\":96,\"height\":96,\"caption\":\"admccesar\"}},{\"@type\":\"WebPage\",\"@id\":\"https:\\\/\\\/conexioncesar.com\\\/index.php\\\/2026\\\/08\\\/31\\\/gobierno-del-cesar-gestiona-ante-la-adr-financiacion-para-el-campo-en-sistemas-productivos-agricolas-exportables\\\/#webpage\",\"url\":\"https:\\\/\\\/conexioncesar.com\\\/index.php\\\/2026\\\/08\\\/31\\\/gobierno-del-cesar-gestiona-ante-la-adr-financiacion-para-el-campo-en-sistemas-productivos-agricolas-exportables\\\/\",\"name\":\"Gobierno del Cesar gestiona ante la ADR financiaci\\u00f3n para el campo en sistemas productivos agr\\u00edcolas exportables - Conexi\\u00f3n Cesar\",\"description\":\"De acuerdo con las prioridades establecidas por el ministro de Agricultura y Desarrollo Rural, por instrucci\\u00f3n de la gobernadora Elvia Milena Sanjuan D\\u00e1vila, a trav\\u00e9s de la Secretar\\u00eda de Agricultura, avanza en la gesti\\u00f3n ante la Agencia de Desarrollo Rural (ADR) de recursos para el campo, orientados al fortalecimiento de sistemas productivos con potencial exportador.\",\"inLanguage\":\"es-CO\",\"isPartOf\":{\"@id\":\"https:\\\/\\\/conexioncesar.com\\\/#website\"},\"breadcrumb\":{\"@id\":\"https:\\\/\\\/conexioncesar.com\\\/index.php\\\/2026\\\/08\\\/31\\\/gobierno-del-cesar-gestiona-ante-la-adr-financiacion-para-el-campo-en-sistemas-productivos-agricolas-exportables\\\/#breadcrumblist\"},\"author\":{\"@id\":\"https:\\\/\\\/conexioncesar.com\\\/index.php\\\/author\\\/admccesar\\\/#author\"},\"creator\":{\"@id\":\"https:\\\/\\\/conexioncesar.com\\\/index.php\\\/author\\\/admccesar\\\/#author\"},\"image\":{\"@type\":\"ImageObject\",\"url\":\"https:\\\/\\\/conexioncesar.com\\\/wp-content\\\/uploads\\\/2026\\\/08\\\/WhatsApp-Image-2026-08-31-at-6.14.57-AM.jpeg\",\"@id\":\"https:\\\/\\\/conexioncesar.com\\\/index.php\\\/2026\\\/08\\\/31\\\/gobierno-del-cesar-gestiona-ante-la-adr-financiacion-para-el-campo-en-sistemas-productivos-agricolas-exportables\\\/#mainImage\",\"width\":1280,\"height\":736},\"primaryImageOfPage\":{\"@id\":\"https:\\\/\\\/conexioncesar.com\\\/index.php\\\/2026\\\/08\\\/31\\\/gobierno-del-cesar-gestiona-ante-la-adr-financiacion-para-el-campo-en-sistemas-productivos-agricolas-exportables\\\/#mainImage\"},\"datePublished\":\"2026-08-31T06:25:10-05:00\",\"dateModified\":\"2026-08-31T06:25:12-05:00\"},{\"@type\":\"WebSite\",\"@id\":\"https:\\\/\\\/conexioncesar.com\\\/#website\",\"url\":\"https:\\\/\\\/conexioncesar.com\\\/\",\"name\":\"Conexi\\u00f3n Cesar\",\"description\":\"Portal web\",\"inLanguage\":\"es-CO\",\"publisher\":{\"@id\":\"https:\\\/\\\/conexioncesar.com\\\/#organization\"}}]}\n\t\t<\/script>\n\t\t<!-- All in One SEO -->\n\n","aioseo_head_json":{"title":"Gobierno del Cesar gestiona ante la ADR financiaci\u00f3n para el campo en sistemas productivos agr\u00edcolas exportables - Conexi\u00f3n Cesar","description":"De acuerdo con las prioridades establecidas por el ministro de Agricultura y Desarrollo Rural, por instrucci\u00f3n de la gobernadora Elvia Milena Sanjuan D\u00e1vila, a trav\u00e9s de la Secretar\u00eda de Agricultura, avanza en la gesti\u00f3n ante la Agencia de Desarrollo Rural (ADR) de recursos para el campo, orientados al fortalecimiento de sistemas productivos con potencial exportador.","canonical_url":"https:\/\/conexioncesar.com\/index.php\/2026\/08\/31\/gobierno-del-cesar-gestiona-ante-la-adr-financiacion-para-el-campo-en-sistemas-productivos-agricolas-exportables\/","robots":"max-image-preview:large","keywords":"","webmasterTools":{"miscellaneous":""},"schema":{"@context":"https:\/\/schema.org","@graph":[{"@type":"BlogPosting","@id":"https:\/\/conexioncesar.com\/index.php\/2026\/08\/31\/gobierno-del-cesar-gestiona-ante-la-adr-financiacion-para-el-campo-en-sistemas-productivos-agricolas-exportables\/#blogposting","name":"Gobierno del Cesar gestiona ante la ADR financiaci\u00f3n para el campo en sistemas productivos agr\u00edcolas exportables - Conexi\u00f3n Cesar","headline":"Gobierno del Cesar gestiona ante la ADR financiaci\u00f3n para el campo en sistemas productivos agr\u00edcolas exportables","author":{"@id":"https:\/\/conexioncesar.com\/index.php\/author\/admccesar\/#author"},"publisher":{"@id":"https:\/\/conexioncesar.com\/#organization"},"image":{"@type":"ImageObject","url":"https:\/\/conexioncesar.com\/wp-content\/uploads\/2026\/08\/WhatsApp-Image-2026-08-31-at-6.14.57-AM.jpeg","width":1280,"height":736},"datePublished":"2026-08-31T06:25:10-05:00","dateModified":"2026-08-31T06:25:12-05:00","inLanguage":"es-CO","mainEntityOfPage":{"@id":"https:\/\/conexioncesar.com\/index.php\/2026\/08\/31\/gobierno-del-cesar-gestiona-ante-la-adr-financiacion-para-el-campo-en-sistemas-productivos-agricolas-exportables\/#webpage"},"isPartOf":{"@id":"https:\/\/conexioncesar.com\/index.php\/2026\/08\/31\/gobierno-del-cesar-gestiona-ante-la-adr-financiacion-para-el-campo-en-sistemas-productivos-agricolas-exportables\/#webpage"},"articleSection":"Generales"},{"@type":"BreadcrumbList","@id":"https:\/\/conexioncesar.com\/index.php\/2026\/08\/31\/gobierno-del-cesar-gestiona-ante-la-adr-financiacion-para-el-campo-en-sistemas-productivos-agricolas-exportables\/#breadcrumblist","itemListElement":[{"@type":"ListItem","@id":"https:\/\/conexioncesar.com#listItem","position":1,"name":"Home","item":"https:\/\/conexioncesar.com","nextItem":{"@type":"ListItem","@id":"https:\/\/conexioncesar.com\/index.php\/category\/generales\/#listItem","name":"Generales"}},{"@type":"ListItem","@id":"https:\/\/conexioncesar.com\/index.php\/category\/generales\/#listItem","position":2,"name":"Generales","item":"https:\/\/conexioncesar.com\/index.php\/category\/generales\/","nextItem":{"@type":"ListItem","@id":"https:\/\/conexioncesar.com\/index.php\/2026\/08\/31\/gobierno-del-cesar-gestiona-ante-la-adr-financiacion-para-el-campo-en-sistemas-productivos-agricolas-exportables\/#listItem","name":"Gobierno del Cesar gestiona ante la ADR financiaci\u00f3n para el campo en sistemas productivos agr\u00edcolas exportables"},"previousItem":{"@type":"ListItem","@id":"https:\/\/conexioncesar.com#listItem","name":"Home"}},{"@type":"ListItem","@id":"https:\/\/conexioncesar.com\/index.php\/2026\/08\/31\/gobierno-del-cesar-gestiona-ante-la-adr-financiacion-para-el-campo-en-sistemas-productivos-agricolas-exportables\/#listItem","position":3,"name":"Gobierno del Cesar gestiona ante la ADR financiaci\u00f3n para el campo en sistemas productivos agr\u00edcolas exportables","previousItem":{"@type":"ListItem","@id":"https:\/\/conexioncesar.com\/index.php\/category\/generales\/#listItem","name":"Generales"}}]},{"@type":"Organization","@id":"https:\/\/conexioncesar.com\/#organization","name":"Conexi\u00f3n Cesar","description":"Portal web","url":"https:\/\/conexioncesar.com\/","sameAs":["https:\/\/www.facebook.com\/profile.php?id=100083593141068","https:\/\/www.instagram.com\/conexioncesar?utm_source=ig_web_button_share_sheet&igsh=ZDNlZDc0MzIxNw==","https:\/\/youtube.com\/@conexioncesar7309?si=sCv5WiO1fXEwkkYN"]},{"@type":"Person","@id":"https:\/\/conexioncesar.com\/index.php\/author\/admccesar\/#author","url":"https:\/\/conexioncesar.com\/index.php\/author\/admccesar\/","name":"admccesar","image":{"@type":"ImageObject","@id":"https:\/\/conexioncesar.com\/index.php\/2026\/08\/31\/gobierno-del-cesar-gestiona-ante-la-adr-financiacion-para-el-campo-en-sistemas-productivos-agricolas-exportables\/#authorImage","url":"https:\/\/secure.gravatar.com\/avatar\/bb14dc25bee5fd97148f651b904985f4508c0095d63e0eda456a03a8872a484e?s=96&d=mm&r=g","width":96,"height":96,"caption":"admccesar"}},{"@type":"WebPage","@id":"https:\/\/conexioncesar.com\/index.php\/2026\/08\/31\/gobierno-del-cesar-gestiona-ante-la-adr-financiacion-para-el-campo-en-sistemas-productivos-agricolas-exportables\/#webpage","url":"https:\/\/conexioncesar.com\/index.php\/2026\/08\/31\/gobierno-del-cesar-gestiona-ante-la-adr-financiacion-para-el-campo-en-sistemas-productivos-agricolas-exportables\/","name":"Gobierno del Cesar gestiona ante la ADR financiaci\u00f3n para el campo en sistemas productivos agr\u00edcolas exportables - Conexi\u00f3n Cesar","description":"De acuerdo con las prioridades establecidas por el ministro de Agricultura y Desarrollo Rural, por instrucci\u00f3n de la gobernadora Elvia Milena Sanjuan D\u00e1vila, a trav\u00e9s de la Secretar\u00eda de Agricultura, avanza en la gesti\u00f3n ante la Agencia de Desarrollo Rural (ADR) de recursos para el campo, orientados al fortalecimiento de sistemas productivos con potencial exportador.","inLanguage":"es-CO","isPartOf":{"@id":"https:\/\/conexioncesar.com\/#website"},"breadcrumb":{"@id":"https:\/\/conexioncesar.com\/index.php\/2026\/08\/31\/gobierno-del-cesar-gestiona-ante-la-adr-financiacion-para-el-campo-en-sistemas-productivos-agricolas-exportables\/#breadcrumblist"},"author":{"@id":"https:\/\/conexioncesar.com\/index.php\/author\/admccesar\/#author"},"creator":{"@id":"https:\/\/conexioncesar.com\/index.php\/author\/admccesar\/#author"},"image":{"@type":"ImageObject","url":"https:\/\/conexioncesar.com\/wp-content\/uploads\/2026\/08\/WhatsApp-Image-2026-08-31-at-6.14.57-AM.jpeg","@id":"https:\/\/conexioncesar.com\/index.php\/2026\/08\/31\/gobierno-del-cesar-gestiona-ante-la-adr-financiacion-para-el-campo-en-sistemas-productivos-agricolas-exportables\/#mainImage","width":1280,"height":736},"primaryImageOfPage":{"@id":"https:\/\/conexioncesar.com\/index.php\/2026\/08\/31\/gobierno-del-cesar-gestiona-ante-la-adr-financiacion-para-el-campo-en-sistemas-productivos-agricolas-exportables\/#mainImage"},"datePublished":"2026-08-31T06:25:10-05:00","dateModified":"2026-08-31T06:25:12-05:00"},{"@type":"WebSite","@id":"https:\/\/conexioncesar.com\/#website","url":"https:\/\/conexioncesar.com\/","name":"Conexi\u00f3n Cesar","description":"Portal web","inLanguage":"es-CO","publisher":{"@id":"https:\/\/conexioncesar.com\/#organization"}}]},"og:locale":"es_ES","og:site_name":"Conexi\u00f3n Cesar - Portal web","og:type":"article","og:title":"Gobierno del Cesar gestiona ante la ADR financiaci\u00f3n para el campo en sistemas productivos agr\u00edcolas exportables - Conexi\u00f3n Cesar","og:description":"De acuerdo con las prioridades establecidas por el ministro de Agricultura y Desarrollo Rural, por instrucci\u00f3n de la gobernadora Elvia Milena Sanjuan D\u00e1vila, a trav\u00e9s de la Secretar\u00eda de Agricultura, avanza en la gesti\u00f3n ante la Agencia de Desarrollo Rural (ADR) de recursos para el campo, orientados al fortalecimiento de sistemas productivos con potencial exportador.","og:url":"https:\/\/conexioncesar.com\/index.php\/2026\/08\/31\/gobierno-del-cesar-gestiona-ante-la-adr-financiacion-para-el-campo-en-sistemas-productivos-agricolas-exportables\/","og:image":"https:\/\/conexioncesar.com\/wp-content\/uploads\/2026\/08\/WhatsApp-Image-2026-08-31-at-6.14.57-AM.jpeg","og:image:secure_url":"https:\/\/conexioncesar.com\/wp-content\/uploads\/2026\/08\/WhatsApp-Image-2026-08-31-at-6.14.57-AM.jpeg","og:image:width":1280,"og:image:height":736,"article:published_time":"2026-08-31T11:25:10+00:00","article:modified_time":"2026-08-31T11:25:12+00:00","article:publisher":"https:\/\/www.facebook.com\/profile.php?id=100083593141068","twitter:card":"summary","twitter:title":"Gobierno del Cesar gestiona ante la ADR financiaci\u00f3n para el campo en sistemas productivos agr\u00edcolas exportables - Conexi\u00f3n Cesar","twitter:description":"De acuerdo con las prioridades establecidas por el ministro de Agricultura y Desarrollo Rural, por instrucci\u00f3n de la gobernadora Elvia Milena Sanjuan D\u00e1vila, a trav\u00e9s de la Secretar\u00eda de Agricultura, avanza en la gesti\u00f3n ante la Agencia de Desarrollo Rural (ADR) de recursos para el campo, orientados al fortalecimiento de sistemas productivos con potencial exportador.","twitter:image":"https:\/\/conexioncesar.com\/wp-content\/uploads\/2026\/08\/WhatsApp-Image-2026-08-31-at-6.14.57-AM.jpeg"},"aioseo_meta_data":{"post_id":"17739","title":null,"description":null,"keywords":null,"keyphrases":{"focus":{"keyphrase":"","score":0,"analysis":{"keyphraseInTitle":{"score":0,"maxScore":9,"error":1}}},"additional":[]},"primary_term":null,"canonical_url":null,"og_title":null,"og_description":null,"og_object_type":"default","og_image_type":"default","og_image_url":null,"og_image_width":null,"og_image_height":null,"og_image_custom_url":null,"og_image_custom_fields":null,"og_video":"","og_custom_url":null,"og_article_section":null,"og_article_tags":null,"twitter_use_og":false,"twitter_card":"default","twitter_image_type":"default","twitter_image_url":null,"twitter_image_custom_url":null,"twitter_image_custom_fields":null,"twitter_title":null,"twitter_description":null,"schema":{"blockGraphs":[],"customGraphs":[],"default":{"data":{"Article":[],"Course":[],"Dataset":[],"FAQPage":[],"Movie":[],"Person":[],"Product":[],"ProductReview":[],"Car":[],"Recipe":[],"Service":[],"SoftwareApplication":[],"WebPage":[]},"graphName":"BlogPosting","isEnabled":true},"graphs":[]},"schema_type":"default","schema_type_options":null,"pillar_content":false,"robots_default":true,"robots_noindex":false,"robots_noarchive":false,"robots_nosnippet":false,"robots_nofollow":false,"robots_noimageindex":false,"robots_noodp":false,"robots_notranslate":false,"robots_max_snippet":"-1","robots_max_videopreview":"-1","robots_max_imagepreview":"large","priority":null,"frequency":"default","local_seo":null,"breadcrumb_settings":null,"limit_modified_date":false,"ai":{"faqs":[],"keyPoints":[],"schemas":[],"titles":[],"descriptions":[],"socialPosts":{"email":{"subject":"","preview":"","content":""},"linkedin":[],"twitter":[],"facebook":[],"instagram":[]}},"created":"2026-08-31 11:25:12","updated":"2026-08-31 12:25:53","focus_keyword":null,"additional_keywords":null,"truseo_locale":null,"seo_analyzer_scan_date":null},"aioseo_breadcrumb":"<div class=\"aioseo-breadcrumbs\"><span class=\"aioseo-breadcrumb\">\n\t\t\t<a href=\"https:\/\/conexioncesar.com\" title=\"Home\">Home<\/a>\n\t\t<\/span><span class=\"aioseo-breadcrumb-separator\">&raquo;<\/span><span class=\"aioseo-breadcrumb\">\n\t\t\t<a href=\"https:\/\/conexioncesar.com\/index.php\/category\/generales\/\" title=\"Generales\">Generales<\/a>\n\t\t<\/span><span class=\"aioseo-breadcrumb-separator\">&raquo;<\/span><span class=\"aioseo-breadcrumb\">\n\t\t\tGobierno del Cesar gestiona ante la ADR financiaci\u00f3n para el campo en sistemas productivos agr\u00edcolas exportables\n\t\t<\/span><\/div>","aioseo_breadcrumb_json":[{"label":"Home","link":"https:\/\/conexioncesar.com"},{"label":"Generales","link":"https:\/\/conexioncesar.com\/index.php\/category\/generales\/"},{"label":"Gobierno del Cesar gestiona ante la ADR financiaci\u00f3n para el campo en sistemas productivos agr\u00edcolas exportables","link":"https:\/\/conexioncesar.com\/index.php\/2026\/08\/31\/gobierno-del-cesar-gestiona-ante-la-adr-financiacion-para-el-campo-en-sistemas-productivos-agricolas-exportables\/"}],"jetpack_featured_media_url":"https:\/\/conexioncesar.com\/wp-content\/uploads\/2026\/08\/WhatsApp-Image-2026-08-31-at-6.14.57-AM.jpeg","_links":{"self":[{"href":"https:\/\/conexioncesar.com\/index.php\/wp-json\/wp\/v2\/posts\/17739","targetHints":{"allow":["GET"]}}],"collection":[{"href":"https:\/\/conexioncesar.com\/index.php\/wp-json\/wp\/v2\/posts"}],"about":[{"href":"https:\/\/conexioncesar.com\/index.php\/wp-json\/wp\/v2\/types\/post"}],"author":[{"embeddable":true,"href":"https:\/\/conexioncesar.com\/index.php\/wp-json\/wp\/v2\/users\/1"}],"replies":[{"embeddable":true,"href":"https:\/\/conexioncesar.com\/index.php\/wp-json\/wp\/v2\/comments?post=17739"}],"version-history":[{"count":1,"href":"https:\/\/conexioncesar.com\/index.php\/wp-json\/wp\/v2\/posts\/17739\/revisions"}],"predecessor-version":[{"id":17741,"href":"https:\/\/conexioncesar.com\/index.php\/wp-json\/wp\/v2\/posts\/17739\/revisions\/17741"}],"wp:featuredmedia":[{"embeddable":true,"href":"https:\/\/conexioncesar.com\/index.php\/wp-json\/wp\/v2\/media\/17740"}],"wp:attachment":[{"href":"https:\/\/conexioncesar.com\/index.php\/wp-json\/wp\/v2\/media?parent=17739"}],"wp:term":[{"taxonomy":"category","embeddable":true,"href":"https:\/\/conexioncesar.com\/index.php\/wp-json\/wp\/v2\/categories?post=17739"},{"taxonomy":"post_tag","embeddable":true,"href":"https:\/\/conexioncesar.com\/index.php\/wp-json\/wp\/v2\/tags?post=17739"}],"curies":[{"name":"wp","href":"https:\/\/api.w.org\/{rel}","templated":true}]}}