{"id":17742,"date":"2026-08-31T16:12:06","date_gmt":"2026-08-31T21:12:06","guid":{"rendered":"https:\/\/conexioncesar.com\/?p=17742"},"modified":"2026-08-31T16:17:31","modified_gmt":"2026-08-31T21:17:31","slug":"asume-como-nuevo-director-de-la-unidad-de-planificacion-rural-agropecuaria-upra-el-vallenato-alberto-jose-esmeral-ramirez","status":"publish","type":"post","link":"https:\/\/conexioncesar.com\/index.php\/2026\/08\/31\/asume-como-nuevo-director-de-la-unidad-de-planificacion-rural-agropecuaria-upra-el-vallenato-alberto-jose-esmeral-ramirez\/","title":{"rendered":"Asume como nuevo director de la Unidad de Planificaci\u00f3n Rural Agropecuaria (UPRA) el vallenato Alberto Jos\u00e9 Esmeral Ram\u00edrez"},"content":{"rendered":"\n<p class=\"wp-block-paragraph\">La entidad adscrita al Ministerio de Agricultura y Desarrollo Rural, tiene como funci\u00f3n principal orientar la pol\u00edtica p\u00fablica para el uso eficiente del suelo, el ordenamiento productivo y la regularizaci\u00f3n del mercado de tierras en Colombia.<\/p>\n\n\n\n<p class=\"wp-block-paragraph\">Esmeral Ram\u00edrez es abogado, especialista en Derecho Laboral y Seguridad Social y mag\u00edster en Derecho, con una amplia trayectoria en el sector p\u00fablico, consolidando su experiencia en el \u00e1mbito jur\u00eddico y administrativo.<br>Recientemente estuvo vinculado como defensor p\u00fablico en la Defensor\u00eda del Pueblo del Cesar y como abogado en la Unidad Administrativa Especial de Gesti\u00f3n de Restituci\u00f3n de Tierras Despojadas, territorial Cesar La Guajira.<\/p>\n","protected":false},"excerpt":{"rendered":"<p>La entidad adscrita al Ministerio de Agricultura y Desarrollo Rural, tiene como funci\u00f3n principal orientar la pol\u00edtica p\u00fablica para el uso eficiente del suelo, el ordenamiento productivo y la regularizaci\u00f3n del mercado de tierras en Colombia. Esmeral Ram\u00edrez es abogado, especialista en Derecho Laboral y Seguridad Social y mag\u00edster en Derecho, con una amplia trayectoria [&hellip;]<\/p>\n","protected":false},"author":1,"featured_media":17743,"comment_status":"open","ping_status":"closed","sticky":false,"template":"","format":"standard","meta":{"_monsterinsights_skip_tracking":false,"footnotes":""},"categories":[37],"tags":[],"class_list":["post-17742","post","type-post","status-publish","format-standard","has-post-thumbnail","hentry","category-generales"],"aioseo_notices":[],"aioseo_head":"\n\t\t<!-- All in One SEO 5.0.0.1 - aioseo.com -->\n\t<meta name=\"description\" content=\"La entidad adscrita al Ministerio de Agricultura y Desarrollo Rural, tiene como funci\u00f3n principal orientar la pol\u00edtica p\u00fablica para el uso eficiente del suelo, el ordenamiento productivo y la regularizaci\u00f3n del mercado de tierras en Colombia. Esmeral Ram\u00edrez es abogado, especialista en Derecho Laboral y Seguridad Social y mag\u00edster en Derecho, con una amplia trayectoria\" \/>\n\t<meta name=\"robots\" content=\"max-image-preview:large\" \/>\n\t<meta name=\"author\" content=\"admccesar\"\/>\n\t<link rel=\"canonical\" href=\"https:\/\/conexioncesar.com\/index.php\/2026\/08\/31\/asume-como-nuevo-director-de-la-unidad-de-planificacion-rural-agropecuaria-upra-el-vallenato-alberto-jose-esmeral-ramirez\/\" \/>\n\t<meta name=\"generator\" content=\"All in One SEO (AIOSEO) 5.0.0.1\" \/>\n\t\t<meta property=\"og:locale\" content=\"es_ES\" \/>\n\t\t<meta property=\"og:site_name\" content=\"Conexi\u00f3n Cesar - Portal web\" \/>\n\t\t<meta property=\"og:type\" content=\"article\" \/>\n\t\t<meta property=\"og:title\" content=\"Asume como nuevo director de la Unidad de Planificaci\u00f3n Rural Agropecuaria (UPRA) el vallenato Alberto Jos\u00e9 Esmeral Ram\u00edrez - Conexi\u00f3n Cesar\" \/>\n\t\t<meta property=\"og:description\" content=\"La entidad adscrita al Ministerio de Agricultura y Desarrollo Rural, tiene como funci\u00f3n principal orientar la pol\u00edtica p\u00fablica para el uso eficiente del suelo, el ordenamiento productivo y la regularizaci\u00f3n del mercado de tierras en Colombia. Esmeral Ram\u00edrez es abogado, especialista en Derecho Laboral y Seguridad Social y mag\u00edster en Derecho, con una amplia trayectoria\" \/>\n\t\t<meta property=\"og:url\" content=\"https:\/\/conexioncesar.com\/index.php\/2026\/08\/31\/asume-como-nuevo-director-de-la-unidad-de-planificacion-rural-agropecuaria-upra-el-vallenato-alberto-jose-esmeral-ramirez\/\" \/>\n\t\t<meta property=\"og:image\" content=\"https:\/\/conexioncesar.com\/wp-content\/uploads\/2026\/08\/WhatsApp-Image-2026-08-31-at-3.57.08-PM-e1788210819753.jpeg\" \/>\n\t\t<meta property=\"og:image:secure_url\" content=\"https:\/\/conexioncesar.com\/wp-content\/uploads\/2026\/08\/WhatsApp-Image-2026-08-31-at-3.57.08-PM-e1788210819753.jpeg\" \/>\n\t\t<meta property=\"og:image:width\" content=\"600\" \/>\n\t\t<meta property=\"og:image:height\" content=\"447\" \/>\n\t\t<meta property=\"article:published_time\" content=\"2026-08-31T21:12:06+00:00\" \/>\n\t\t<meta property=\"article:modified_time\" content=\"2026-08-31T21:17:31+00:00\" \/>\n\t\t<meta property=\"article:publisher\" content=\"https:\/\/www.facebook.com\/profile.php?id=100083593141068\" \/>\n\t\t<meta name=\"twitter:card\" content=\"summary\" \/>\n\t\t<meta name=\"twitter:title\" content=\"Asume como nuevo director de la Unidad de Planificaci\u00f3n Rural Agropecuaria (UPRA) el vallenato Alberto Jos\u00e9 Esmeral Ram\u00edrez - Conexi\u00f3n Cesar\" \/>\n\t\t<meta name=\"twitter:description\" content=\"La entidad adscrita al Ministerio de Agricultura y Desarrollo Rural, tiene como funci\u00f3n principal orientar la pol\u00edtica p\u00fablica para el uso eficiente del suelo, el ordenamiento productivo y la regularizaci\u00f3n del mercado de tierras en Colombia. Esmeral Ram\u00edrez es abogado, especialista en Derecho Laboral y Seguridad Social y mag\u00edster en Derecho, con una amplia trayectoria\" \/>\n\t\t<meta name=\"twitter:image\" content=\"https:\/\/conexioncesar.com\/wp-content\/uploads\/2026\/08\/WhatsApp-Image-2026-08-31-at-3.57.08-PM-e1788210819753.jpeg\" \/>\n\t\t<script type=\"application\/ld+json\" class=\"aioseo-schema\">\n\t\t\t{\"@context\":\"https:\\\/\\\/schema.org\",\"@graph\":[{\"@type\":\"BlogPosting\",\"@id\":\"https:\\\/\\\/conexioncesar.com\\\/index.php\\\/2026\\\/08\\\/31\\\/asume-como-nuevo-director-de-la-unidad-de-planificacion-rural-agropecuaria-upra-el-vallenato-alberto-jose-esmeral-ramirez\\\/#blogposting\",\"name\":\"Asume como nuevo director de la Unidad de Planificaci\\u00f3n Rural Agropecuaria (UPRA) el vallenato Alberto Jos\\u00e9 Esmeral Ram\\u00edrez - Conexi\\u00f3n Cesar\",\"headline\":\"Asume como nuevo director de la Unidad de Planificaci\\u00f3n Rural Agropecuaria (UPRA) el vallenato Alberto Jos\\u00e9 Esmeral Ram\\u00edrez\",\"author\":{\"@id\":\"https:\\\/\\\/conexioncesar.com\\\/index.php\\\/author\\\/admccesar\\\/#author\"},\"publisher\":{\"@id\":\"https:\\\/\\\/conexioncesar.com\\\/#organization\"},\"image\":{\"@type\":\"ImageObject\",\"url\":\"https:\\\/\\\/conexioncesar.com\\\/wp-content\\\/uploads\\\/2026\\\/08\\\/WhatsApp-Image-2026-08-31-at-3.57.08-PM-e1788210819753.jpeg\",\"width\":600,\"height\":447},\"datePublished\":\"2026-08-31T16:12:06-05:00\",\"dateModified\":\"2026-08-31T16:17:31-05:00\",\"inLanguage\":\"es-CO\",\"mainEntityOfPage\":{\"@id\":\"https:\\\/\\\/conexioncesar.com\\\/index.php\\\/2026\\\/08\\\/31\\\/asume-como-nuevo-director-de-la-unidad-de-planificacion-rural-agropecuaria-upra-el-vallenato-alberto-jose-esmeral-ramirez\\\/#webpage\"},\"isPartOf\":{\"@id\":\"https:\\\/\\\/conexioncesar.com\\\/index.php\\\/2026\\\/08\\\/31\\\/asume-como-nuevo-director-de-la-unidad-de-planificacion-rural-agropecuaria-upra-el-vallenato-alberto-jose-esmeral-ramirez\\\/#webpage\"},\"articleSection\":\"Generales\"},{\"@type\":\"BreadcrumbList\",\"@id\":\"https:\\\/\\\/conexioncesar.com\\\/index.php\\\/2026\\\/08\\\/31\\\/asume-como-nuevo-director-de-la-unidad-de-planificacion-rural-agropecuaria-upra-el-vallenato-alberto-jose-esmeral-ramirez\\\/#breadcrumblist\",\"itemListElement\":[{\"@type\":\"ListItem\",\"@id\":\"https:\\\/\\\/conexioncesar.com#listItem\",\"position\":1,\"name\":\"Home\",\"item\":\"https:\\\/\\\/conexioncesar.com\",\"nextItem\":{\"@type\":\"ListItem\",\"@id\":\"https:\\\/\\\/conexioncesar.com\\\/index.php\\\/category\\\/generales\\\/#listItem\",\"name\":\"Generales\"}},{\"@type\":\"ListItem\",\"@id\":\"https:\\\/\\\/conexioncesar.com\\\/index.php\\\/category\\\/generales\\\/#listItem\",\"position\":2,\"name\":\"Generales\",\"item\":\"https:\\\/\\\/conexioncesar.com\\\/index.php\\\/category\\\/generales\\\/\",\"nextItem\":{\"@type\":\"ListItem\",\"@id\":\"https:\\\/\\\/conexioncesar.com\\\/index.php\\\/2026\\\/08\\\/31\\\/asume-como-nuevo-director-de-la-unidad-de-planificacion-rural-agropecuaria-upra-el-vallenato-alberto-jose-esmeral-ramirez\\\/#listItem\",\"name\":\"Asume como nuevo director de la Unidad de Planificaci\\u00f3n Rural Agropecuaria (UPRA) el vallenato Alberto Jos\\u00e9 Esmeral Ram\\u00edrez\"},\"previousItem\":{\"@type\":\"ListItem\",\"@id\":\"https:\\\/\\\/conexioncesar.com#listItem\",\"name\":\"Home\"}},{\"@type\":\"ListItem\",\"@id\":\"https:\\\/\\\/conexioncesar.com\\\/index.php\\\/2026\\\/08\\\/31\\\/asume-como-nuevo-director-de-la-unidad-de-planificacion-rural-agropecuaria-upra-el-vallenato-alberto-jose-esmeral-ramirez\\\/#listItem\",\"position\":3,\"name\":\"Asume como nuevo director de la Unidad de Planificaci\\u00f3n Rural Agropecuaria (UPRA) el vallenato Alberto Jos\\u00e9 Esmeral Ram\\u00edrez\",\"previousItem\":{\"@type\":\"ListItem\",\"@id\":\"https:\\\/\\\/conexioncesar.com\\\/index.php\\\/category\\\/generales\\\/#listItem\",\"name\":\"Generales\"}}]},{\"@type\":\"Organization\",\"@id\":\"https:\\\/\\\/conexioncesar.com\\\/#organization\",\"name\":\"Conexi\\u00f3n Cesar\",\"description\":\"Portal web\",\"url\":\"https:\\\/\\\/conexioncesar.com\\\/\",\"sameAs\":[\"https:\\\/\\\/www.facebook.com\\\/profile.php?id=100083593141068\",\"https:\\\/\\\/www.instagram.com\\\/conexioncesar?utm_source=ig_web_button_share_sheet&igsh=ZDNlZDc0MzIxNw==\",\"https:\\\/\\\/youtube.com\\\/@conexioncesar7309?si=sCv5WiO1fXEwkkYN\"]},{\"@type\":\"Person\",\"@id\":\"https:\\\/\\\/conexioncesar.com\\\/index.php\\\/author\\\/admccesar\\\/#author\",\"url\":\"https:\\\/\\\/conexioncesar.com\\\/index.php\\\/author\\\/admccesar\\\/\",\"name\":\"admccesar\",\"image\":{\"@type\":\"ImageObject\",\"@id\":\"https:\\\/\\\/conexioncesar.com\\\/index.php\\\/2026\\\/08\\\/31\\\/asume-como-nuevo-director-de-la-unidad-de-planificacion-rural-agropecuaria-upra-el-vallenato-alberto-jose-esmeral-ramirez\\\/#authorImage\",\"url\":\"https:\\\/\\\/secure.gravatar.com\\\/avatar\\\/bb14dc25bee5fd97148f651b904985f4508c0095d63e0eda456a03a8872a484e?s=96&d=mm&r=g\",\"width\":96,\"height\":96,\"caption\":\"admccesar\"}},{\"@type\":\"WebPage\",\"@id\":\"https:\\\/\\\/conexioncesar.com\\\/index.php\\\/2026\\\/08\\\/31\\\/asume-como-nuevo-director-de-la-unidad-de-planificacion-rural-agropecuaria-upra-el-vallenato-alberto-jose-esmeral-ramirez\\\/#webpage\",\"url\":\"https:\\\/\\\/conexioncesar.com\\\/index.php\\\/2026\\\/08\\\/31\\\/asume-como-nuevo-director-de-la-unidad-de-planificacion-rural-agropecuaria-upra-el-vallenato-alberto-jose-esmeral-ramirez\\\/\",\"name\":\"Asume como nuevo director de la Unidad de Planificaci\\u00f3n Rural Agropecuaria (UPRA) el vallenato Alberto Jos\\u00e9 Esmeral Ram\\u00edrez - Conexi\\u00f3n Cesar\",\"description\":\"La entidad adscrita al Ministerio de Agricultura y Desarrollo Rural, tiene como funci\\u00f3n principal orientar la pol\\u00edtica p\\u00fablica para el uso eficiente del suelo, el ordenamiento productivo y la regularizaci\\u00f3n del mercado de tierras en Colombia. Esmeral Ram\\u00edrez es abogado, especialista en Derecho Laboral y Seguridad Social y mag\\u00edster en Derecho, con una amplia trayectoria\",\"inLanguage\":\"es-CO\",\"isPartOf\":{\"@id\":\"https:\\\/\\\/conexioncesar.com\\\/#website\"},\"breadcrumb\":{\"@id\":\"https:\\\/\\\/conexioncesar.com\\\/index.php\\\/2026\\\/08\\\/31\\\/asume-como-nuevo-director-de-la-unidad-de-planificacion-rural-agropecuaria-upra-el-vallenato-alberto-jose-esmeral-ramirez\\\/#breadcrumblist\"},\"author\":{\"@id\":\"https:\\\/\\\/conexioncesar.com\\\/index.php\\\/author\\\/admccesar\\\/#author\"},\"creator\":{\"@id\":\"https:\\\/\\\/conexioncesar.com\\\/index.php\\\/author\\\/admccesar\\\/#author\"},\"image\":{\"@type\":\"ImageObject\",\"url\":\"https:\\\/\\\/conexioncesar.com\\\/wp-content\\\/uploads\\\/2026\\\/08\\\/WhatsApp-Image-2026-08-31-at-3.57.08-PM-e1788210819753.jpeg\",\"@id\":\"https:\\\/\\\/conexioncesar.com\\\/index.php\\\/2026\\\/08\\\/31\\\/asume-como-nuevo-director-de-la-unidad-de-planificacion-rural-agropecuaria-upra-el-vallenato-alberto-jose-esmeral-ramirez\\\/#mainImage\",\"width\":600,\"height\":447},\"primaryImageOfPage\":{\"@id\":\"https:\\\/\\\/conexioncesar.com\\\/index.php\\\/2026\\\/08\\\/31\\\/asume-como-nuevo-director-de-la-unidad-de-planificacion-rural-agropecuaria-upra-el-vallenato-alberto-jose-esmeral-ramirez\\\/#mainImage\"},\"datePublished\":\"2026-08-31T16:12:06-05:00\",\"dateModified\":\"2026-08-31T16:17:31-05:00\"},{\"@type\":\"WebSite\",\"@id\":\"https:\\\/\\\/conexioncesar.com\\\/#website\",\"url\":\"https:\\\/\\\/conexioncesar.com\\\/\",\"name\":\"Conexi\\u00f3n Cesar\",\"description\":\"Portal web\",\"inLanguage\":\"es-CO\",\"publisher\":{\"@id\":\"https:\\\/\\\/conexioncesar.com\\\/#organization\"}}]}\n\t\t<\/script>\n\t\t<!-- All in One SEO -->\n\n","aioseo_head_json":{"title":"Asume como nuevo director de la Unidad de Planificaci\u00f3n Rural Agropecuaria (UPRA) el vallenato Alberto Jos\u00e9 Esmeral Ram\u00edrez - Conexi\u00f3n Cesar","description":"La entidad adscrita al Ministerio de Agricultura y Desarrollo Rural, tiene como funci\u00f3n principal orientar la pol\u00edtica p\u00fablica para el uso eficiente del suelo, el ordenamiento productivo y la regularizaci\u00f3n del mercado de tierras en Colombia. Esmeral Ram\u00edrez es abogado, especialista en Derecho Laboral y Seguridad Social y mag\u00edster en Derecho, con una amplia trayectoria","canonical_url":"https:\/\/conexioncesar.com\/index.php\/2026\/08\/31\/asume-como-nuevo-director-de-la-unidad-de-planificacion-rural-agropecuaria-upra-el-vallenato-alberto-jose-esmeral-ramirez\/","robots":"max-image-preview:large","keywords":"","webmasterTools":{"miscellaneous":""},"schema":{"@context":"https:\/\/schema.org","@graph":[{"@type":"BlogPosting","@id":"https:\/\/conexioncesar.com\/index.php\/2026\/08\/31\/asume-como-nuevo-director-de-la-unidad-de-planificacion-rural-agropecuaria-upra-el-vallenato-alberto-jose-esmeral-ramirez\/#blogposting","name":"Asume como nuevo director de la Unidad de Planificaci\u00f3n Rural Agropecuaria (UPRA) el vallenato Alberto Jos\u00e9 Esmeral Ram\u00edrez - Conexi\u00f3n Cesar","headline":"Asume como nuevo director de la Unidad de Planificaci\u00f3n Rural Agropecuaria (UPRA) el vallenato Alberto Jos\u00e9 Esmeral Ram\u00edrez","author":{"@id":"https:\/\/conexioncesar.com\/index.php\/author\/admccesar\/#author"},"publisher":{"@id":"https:\/\/conexioncesar.com\/#organization"},"image":{"@type":"ImageObject","url":"https:\/\/conexioncesar.com\/wp-content\/uploads\/2026\/08\/WhatsApp-Image-2026-08-31-at-3.57.08-PM-e1788210819753.jpeg","width":600,"height":447},"datePublished":"2026-08-31T16:12:06-05:00","dateModified":"2026-08-31T16:17:31-05:00","inLanguage":"es-CO","mainEntityOfPage":{"@id":"https:\/\/conexioncesar.com\/index.php\/2026\/08\/31\/asume-como-nuevo-director-de-la-unidad-de-planificacion-rural-agropecuaria-upra-el-vallenato-alberto-jose-esmeral-ramirez\/#webpage"},"isPartOf":{"@id":"https:\/\/conexioncesar.com\/index.php\/2026\/08\/31\/asume-como-nuevo-director-de-la-unidad-de-planificacion-rural-agropecuaria-upra-el-vallenato-alberto-jose-esmeral-ramirez\/#webpage"},"articleSection":"Generales"},{"@type":"BreadcrumbList","@id":"https:\/\/conexioncesar.com\/index.php\/2026\/08\/31\/asume-como-nuevo-director-de-la-unidad-de-planificacion-rural-agropecuaria-upra-el-vallenato-alberto-jose-esmeral-ramirez\/#breadcrumblist","itemListElement":[{"@type":"ListItem","@id":"https:\/\/conexioncesar.com#listItem","position":1,"name":"Home","item":"https:\/\/conexioncesar.com","nextItem":{"@type":"ListItem","@id":"https:\/\/conexioncesar.com\/index.php\/category\/generales\/#listItem","name":"Generales"}},{"@type":"ListItem","@id":"https:\/\/conexioncesar.com\/index.php\/category\/generales\/#listItem","position":2,"name":"Generales","item":"https:\/\/conexioncesar.com\/index.php\/category\/generales\/","nextItem":{"@type":"ListItem","@id":"https:\/\/conexioncesar.com\/index.php\/2026\/08\/31\/asume-como-nuevo-director-de-la-unidad-de-planificacion-rural-agropecuaria-upra-el-vallenato-alberto-jose-esmeral-ramirez\/#listItem","name":"Asume como nuevo director de la Unidad de Planificaci\u00f3n Rural Agropecuaria (UPRA) el vallenato Alberto Jos\u00e9 Esmeral Ram\u00edrez"},"previousItem":{"@type":"ListItem","@id":"https:\/\/conexioncesar.com#listItem","name":"Home"}},{"@type":"ListItem","@id":"https:\/\/conexioncesar.com\/index.php\/2026\/08\/31\/asume-como-nuevo-director-de-la-unidad-de-planificacion-rural-agropecuaria-upra-el-vallenato-alberto-jose-esmeral-ramirez\/#listItem","position":3,"name":"Asume como nuevo director de la Unidad de Planificaci\u00f3n Rural Agropecuaria (UPRA) el vallenato Alberto Jos\u00e9 Esmeral Ram\u00edrez","previousItem":{"@type":"ListItem","@id":"https:\/\/conexioncesar.com\/index.php\/category\/generales\/#listItem","name":"Generales"}}]},{"@type":"Organization","@id":"https:\/\/conexioncesar.com\/#organization","name":"Conexi\u00f3n Cesar","description":"Portal web","url":"https:\/\/conexioncesar.com\/","sameAs":["https:\/\/www.facebook.com\/profile.php?id=100083593141068","https:\/\/www.instagram.com\/conexioncesar?utm_source=ig_web_button_share_sheet&igsh=ZDNlZDc0MzIxNw==","https:\/\/youtube.com\/@conexioncesar7309?si=sCv5WiO1fXEwkkYN"]},{"@type":"Person","@id":"https:\/\/conexioncesar.com\/index.php\/author\/admccesar\/#author","url":"https:\/\/conexioncesar.com\/index.php\/author\/admccesar\/","name":"admccesar","image":{"@type":"ImageObject","@id":"https:\/\/conexioncesar.com\/index.php\/2026\/08\/31\/asume-como-nuevo-director-de-la-unidad-de-planificacion-rural-agropecuaria-upra-el-vallenato-alberto-jose-esmeral-ramirez\/#authorImage","url":"https:\/\/secure.gravatar.com\/avatar\/bb14dc25bee5fd97148f651b904985f4508c0095d63e0eda456a03a8872a484e?s=96&d=mm&r=g","width":96,"height":96,"caption":"admccesar"}},{"@type":"WebPage","@id":"https:\/\/conexioncesar.com\/index.php\/2026\/08\/31\/asume-como-nuevo-director-de-la-unidad-de-planificacion-rural-agropecuaria-upra-el-vallenato-alberto-jose-esmeral-ramirez\/#webpage","url":"https:\/\/conexioncesar.com\/index.php\/2026\/08\/31\/asume-como-nuevo-director-de-la-unidad-de-planificacion-rural-agropecuaria-upra-el-vallenato-alberto-jose-esmeral-ramirez\/","name":"Asume como nuevo director de la Unidad de Planificaci\u00f3n Rural Agropecuaria (UPRA) el vallenato Alberto Jos\u00e9 Esmeral Ram\u00edrez - Conexi\u00f3n Cesar","description":"La entidad adscrita al Ministerio de Agricultura y Desarrollo Rural, tiene como funci\u00f3n principal orientar la pol\u00edtica p\u00fablica para el uso eficiente del suelo, el ordenamiento productivo y la regularizaci\u00f3n del mercado de tierras en Colombia. Esmeral Ram\u00edrez es abogado, especialista en Derecho Laboral y Seguridad Social y mag\u00edster en Derecho, con una amplia trayectoria","inLanguage":"es-CO","isPartOf":{"@id":"https:\/\/conexioncesar.com\/#website"},"breadcrumb":{"@id":"https:\/\/conexioncesar.com\/index.php\/2026\/08\/31\/asume-como-nuevo-director-de-la-unidad-de-planificacion-rural-agropecuaria-upra-el-vallenato-alberto-jose-esmeral-ramirez\/#breadcrumblist"},"author":{"@id":"https:\/\/conexioncesar.com\/index.php\/author\/admccesar\/#author"},"creator":{"@id":"https:\/\/conexioncesar.com\/index.php\/author\/admccesar\/#author"},"image":{"@type":"ImageObject","url":"https:\/\/conexioncesar.com\/wp-content\/uploads\/2026\/08\/WhatsApp-Image-2026-08-31-at-3.57.08-PM-e1788210819753.jpeg","@id":"https:\/\/conexioncesar.com\/index.php\/2026\/08\/31\/asume-como-nuevo-director-de-la-unidad-de-planificacion-rural-agropecuaria-upra-el-vallenato-alberto-jose-esmeral-ramirez\/#mainImage","width":600,"height":447},"primaryImageOfPage":{"@id":"https:\/\/conexioncesar.com\/index.php\/2026\/08\/31\/asume-como-nuevo-director-de-la-unidad-de-planificacion-rural-agropecuaria-upra-el-vallenato-alberto-jose-esmeral-ramirez\/#mainImage"},"datePublished":"2026-08-31T16:12:06-05:00","dateModified":"2026-08-31T16:17:31-05:00"},{"@type":"WebSite","@id":"https:\/\/conexioncesar.com\/#website","url":"https:\/\/conexioncesar.com\/","name":"Conexi\u00f3n Cesar","description":"Portal web","inLanguage":"es-CO","publisher":{"@id":"https:\/\/conexioncesar.com\/#organization"}}]},"og:locale":"es_ES","og:site_name":"Conexi\u00f3n Cesar - Portal web","og:type":"article","og:title":"Asume como nuevo director de la Unidad de Planificaci\u00f3n Rural Agropecuaria (UPRA) el vallenato Alberto Jos\u00e9 Esmeral Ram\u00edrez - Conexi\u00f3n Cesar","og:description":"La entidad adscrita al Ministerio de Agricultura y Desarrollo Rural, tiene como funci\u00f3n principal orientar la pol\u00edtica p\u00fablica para el uso eficiente del suelo, el ordenamiento productivo y la regularizaci\u00f3n del mercado de tierras en Colombia. Esmeral Ram\u00edrez es abogado, especialista en Derecho Laboral y Seguridad Social y mag\u00edster en Derecho, con una amplia trayectoria","og:url":"https:\/\/conexioncesar.com\/index.php\/2026\/08\/31\/asume-como-nuevo-director-de-la-unidad-de-planificacion-rural-agropecuaria-upra-el-vallenato-alberto-jose-esmeral-ramirez\/","og:image":"https:\/\/conexioncesar.com\/wp-content\/uploads\/2026\/08\/WhatsApp-Image-2026-08-31-at-3.57.08-PM-e1788210819753.jpeg","og:image:secure_url":"https:\/\/conexioncesar.com\/wp-content\/uploads\/2026\/08\/WhatsApp-Image-2026-08-31-at-3.57.08-PM-e1788210819753.jpeg","og:image:width":600,"og:image:height":447,"article:published_time":"2026-08-31T21:12:06+00:00","article:modified_time":"2026-08-31T21:17:31+00:00","article:publisher":"https:\/\/www.facebook.com\/profile.php?id=100083593141068","twitter:card":"summary","twitter:title":"Asume como nuevo director de la Unidad de Planificaci\u00f3n Rural Agropecuaria (UPRA) el vallenato Alberto Jos\u00e9 Esmeral Ram\u00edrez - Conexi\u00f3n Cesar","twitter:description":"La entidad adscrita al Ministerio de Agricultura y Desarrollo Rural, tiene como funci\u00f3n principal orientar la pol\u00edtica p\u00fablica para el uso eficiente del suelo, el ordenamiento productivo y la regularizaci\u00f3n del mercado de tierras en Colombia. Esmeral Ram\u00edrez es abogado, especialista en Derecho Laboral y Seguridad Social y mag\u00edster en Derecho, con una amplia trayectoria","twitter:image":"https:\/\/conexioncesar.com\/wp-content\/uploads\/2026\/08\/WhatsApp-Image-2026-08-31-at-3.57.08-PM-e1788210819753.jpeg"},"aioseo_meta_data":{"post_id":"17742","title":null,"description":null,"keywords":null,"keyphrases":{"focus":{"keyphrase":"","score":0,"analysis":{"keyphraseInTitle":{"score":0,"maxScore":9,"error":1}}},"additional":[]},"primary_term":null,"canonical_url":null,"og_title":null,"og_description":null,"og_object_type":"default","og_image_type":"default","og_image_url":null,"og_image_width":null,"og_image_height":null,"og_image_custom_url":null,"og_image_custom_fields":null,"og_video":"","og_custom_url":null,"og_article_section":null,"og_article_tags":null,"twitter_use_og":false,"twitter_card":"default","twitter_image_type":"default","twitter_image_url":null,"twitter_image_custom_url":null,"twitter_image_custom_fields":null,"twitter_title":null,"twitter_description":null,"schema":{"blockGraphs":[],"customGraphs":[],"default":{"data":{"Article":[],"Course":[],"Dataset":[],"FAQPage":[],"Movie":[],"Person":[],"Product":[],"ProductReview":[],"Car":[],"Recipe":[],"Service":[],"SoftwareApplication":[],"WebPage":[]},"graphName":"BlogPosting","isEnabled":true},"graphs":[]},"schema_type":"default","schema_type_options":null,"pillar_content":false,"robots_default":true,"robots_noindex":false,"robots_noarchive":false,"robots_nosnippet":false,"robots_nofollow":false,"robots_noimageindex":false,"robots_noodp":false,"robots_notranslate":false,"robots_max_snippet":"-1","robots_max_videopreview":"-1","robots_max_imagepreview":"large","priority":null,"frequency":"default","local_seo":null,"breadcrumb_settings":null,"limit_modified_date":false,"ai":{"faqs":[],"keyPoints":[],"schemas":[],"titles":[],"descriptions":[],"socialPosts":{"email":{"subject":"","preview":"","content":""},"linkedin":[],"twitter":[],"facebook":[],"instagram":[]}},"created":"2026-08-31 21:12:07","updated":"2026-08-31 21:17:31","focus_keyword":null,"additional_keywords":null,"truseo_locale":null,"seo_analyzer_scan_date":null},"aioseo_breadcrumb":"<div class=\"aioseo-breadcrumbs\"><span class=\"aioseo-breadcrumb\">\n\t\t\t<a href=\"https:\/\/conexioncesar.com\" title=\"Home\">Home<\/a>\n\t\t<\/span><span class=\"aioseo-breadcrumb-separator\">&raquo;<\/span><span class=\"aioseo-breadcrumb\">\n\t\t\t<a href=\"https:\/\/conexioncesar.com\/index.php\/category\/generales\/\" title=\"Generales\">Generales<\/a>\n\t\t<\/span><span class=\"aioseo-breadcrumb-separator\">&raquo;<\/span><span class=\"aioseo-breadcrumb\">\n\t\t\tAsume como nuevo director de la Unidad de Planificaci\u00f3n Rural Agropecuaria (UPRA) el vallenato Alberto Jos\u00e9 Esmeral Ram\u00edrez\n\t\t<\/span><\/div>","aioseo_breadcrumb_json":[{"label":"Home","link":"https:\/\/conexioncesar.com"},{"label":"Generales","link":"https:\/\/conexioncesar.com\/index.php\/category\/generales\/"},{"label":"Asume como nuevo director de la Unidad de Planificaci\u00f3n Rural Agropecuaria (UPRA) el vallenato Alberto Jos\u00e9 Esmeral Ram\u00edrez","link":"https:\/\/conexioncesar.com\/index.php\/2026\/08\/31\/asume-como-nuevo-director-de-la-unidad-de-planificacion-rural-agropecuaria-upra-el-vallenato-alberto-jose-esmeral-ramirez\/"}],"jetpack_featured_media_url":"https:\/\/conexioncesar.com\/wp-content\/uploads\/2026\/08\/WhatsApp-Image-2026-08-31-at-3.57.08-PM-e1788210819753.jpeg","_links":{"self":[{"href":"https:\/\/conexioncesar.com\/index.php\/wp-json\/wp\/v2\/posts\/17742","targetHints":{"allow":["GET"]}}],"collection":[{"href":"https:\/\/conexioncesar.com\/index.php\/wp-json\/wp\/v2\/posts"}],"about":[{"href":"https:\/\/conexioncesar.com\/index.php\/wp-json\/wp\/v2\/types\/post"}],"author":[{"embeddable":true,"href":"https:\/\/conexioncesar.com\/index.php\/wp-json\/wp\/v2\/users\/1"}],"replies":[{"embeddable":true,"href":"https:\/\/conexioncesar.com\/index.php\/wp-json\/wp\/v2\/comments?post=17742"}],"version-history":[{"count":2,"href":"https:\/\/conexioncesar.com\/index.php\/wp-json\/wp\/v2\/posts\/17742\/revisions"}],"predecessor-version":[{"id":17746,"href":"https:\/\/conexioncesar.com\/index.php\/wp-json\/wp\/v2\/posts\/17742\/revisions\/17746"}],"wp:featuredmedia":[{"embeddable":true,"href":"https:\/\/conexioncesar.com\/index.php\/wp-json\/wp\/v2\/media\/17743"}],"wp:attachment":[{"href":"https:\/\/conexioncesar.com\/index.php\/wp-json\/wp\/v2\/media?parent=17742"}],"wp:term":[{"taxonomy":"category","embeddable":true,"href":"https:\/\/conexioncesar.com\/index.php\/wp-json\/wp\/v2\/categories?post=17742"},{"taxonomy":"post_tag","embeddable":true,"href":"https:\/\/conexioncesar.com\/index.php\/wp-json\/wp\/v2\/tags?post=17742"}],"curies":[{"name":"wp","href":"https:\/\/api.w.org\/{rel}","templated":true}]}}