{"id":17748,"date":"2026-09-03T08:59:25","date_gmt":"2026-09-03T13:59:25","guid":{"rendered":"https:\/\/conexioncesar.com\/?p=17748"},"modified":"2026-09-03T08:59:26","modified_gmt":"2026-09-03T13:59:26","slug":"primer-cambio-en-el-gabinete-de-de-la-espriella-sale-viviane-morales-y-llega-ilva-myriam-hoyos-a-educacion","status":"publish","type":"post","link":"https:\/\/conexioncesar.com\/index.php\/2026\/09\/03\/primer-cambio-en-el-gabinete-de-de-la-espriella-sale-viviane-morales-y-llega-ilva-myriam-hoyos-a-educacion\/","title":{"rendered":"Primer cambio en el gabinete de De la Espriella: sale Viviane Morales y llega Ilva Myriam Hoyos a Educaci\u00f3n"},"content":{"rendered":"\n<h4 class=\"wp-block-heading\"><strong>La salida de Morales se har\u00e1 efectiva el pr\u00f3ximo 7 de septiembre. La nueva ministra es abogada, doctora en Derecho y tiene una amplia trayectoria acad\u00e9mica y en el sector p\u00fablico.<\/strong><\/h4>\n\n\n\n<p class=\"wp-block-paragraph\">El presidente de la Rep\u00fablica, Abelardo De la Espriella, anunci\u00f3 la salida de Viviane Morales Hoyos del Ministerio de Educaci\u00f3n Nacional, luego de aceptar su renuncia irrevocable presentada por una situaci\u00f3n familiar que, seg\u00fan explic\u00f3 la funcionaria, requiere su atenci\u00f3n inmediata.<\/p>\n\n\n\n<p class=\"wp-block-paragraph\">Morales dejar\u00e1 oficialmente el cargo el pr\u00f3ximo 7 de septiembre, poco m\u00e1s de un mes despu\u00e9s de haber asumido como ministra, con el inicio del actual Gobierno.<\/p>\n\n\n\n<p class=\"wp-block-paragraph\">A trav\u00e9s de sus redes sociales, el mandatario agradeci\u00f3 la gesti\u00f3n de Morales y asegur\u00f3 que la educaci\u00f3n continuar\u00e1 siendo un \u201cpilar insustituible\u201d de su administraci\u00f3n.<\/p>\n\n\n\n<p class=\"wp-block-paragraph\">Tras aceptar la renuncia, De la Espriella anunci\u00f3 de inmediato a Ilva Myriam Hoyos Casta\u00f1eda como nueva ministra de Educaci\u00f3n Nacional. El presidente destac\u00f3 de la nueva funcionaria su \u201ctalante, fortaleza, honradez y firme defensa de los valores\u201d.<\/p>\n\n\n\n<p class=\"wp-block-paragraph\"><strong><em>\u00bfQui\u00e9n es Ilva Myriam Hoyos?<\/em><\/strong><\/p>\n\n\n\n<p class=\"wp-block-paragraph\">La nueva ministra es abogada de la Universidad del Rosario y doctora en Derecho de la Universidad de Navarra, en Espa\u00f1a. Tambi\u00e9n realiz\u00f3 estudios relacionados con derechos humanos en la Universidad Complutense de Madrid y en el Instituto de Derechos Humanos de Costa Rica.<\/p>\n\n\n\n<p class=\"wp-block-paragraph\">Su trayectoria ha estado vinculada principalmente al derecho, la academia y el servicio p\u00fablico. Ha sido docente de instituciones como la Universidad del Rosario, la Universidad Santo Tom\u00e1s, la Universidad Externado, la Universidad de los Andes y la Universidad de La Sabana, donde adem\u00e1s fue directora del Instituto de Humanidades y decana de la Facultad de Derecho.<\/p>\n\n\n\n<p class=\"wp-block-paragraph\">Hoyos tambi\u00e9n fue procuradora delegada para la Defensa de los Derechos de la Infancia, la Adolescencia y la Familia, durante el periodo en que Alejandro Ord\u00f3\u00f1ez estuvo al frente de la Procuradur\u00eda General de la Naci\u00f3n. Asimismo, ha ejercido como conjuez del Consejo de Estado.<\/p>\n\n\n\n<p class=\"wp-block-paragraph\"><strong><em>Un perfil con posiciones conservadoras<\/em><\/strong><\/p>\n\n\n\n<p class=\"wp-block-paragraph\">La llegada de Hoyos al Ministerio de Educaci\u00f3n tambi\u00e9n pone nuevamente sobre la agenda p\u00fablica algunas de las posiciones que ha defendido durante su trayectoria.<\/p>\n\n\n\n<p class=\"wp-block-paragraph\">La nueva ministra ha participado en debates relacionados con la familia, los derechos humanos, la libertad religiosa y los contenidos educativos. Durante su paso por la Procuradur\u00eda tuvo posiciones cr\u00edticas frente a asuntos como el matrimonio entre parejas del mismo sexo y la denominada \u201cideolog\u00eda de g\u00e9nero\u201d.<\/p>\n\n\n\n<p class=\"wp-block-paragraph\">Precisamente, durante las primeras semanas del Gobierno De la Espriella, el Ministerio de Educaci\u00f3n hab\u00eda abierto debates alrededor de la revisi\u00f3n de contenidos y materiales utilizados en las instituciones educativas, particularmente aquellos relacionados con educaci\u00f3n sexual y lo que el Gobierno ha denominado \u201cideolog\u00eda de g\u00e9nero\u201d.<\/p>\n\n\n\n<p class=\"wp-block-paragraph\"><strong><em>El primer cambio ministerial del Gobierno<\/em><\/strong><\/p>\n\n\n\n<p class=\"wp-block-paragraph\">El relevo en Educaci\u00f3n se convierte en el primer cambio del gabinete de Abelardo De la Espriella, a menos de un mes de iniciado su Gobierno.<\/p>\n\n\n\n<p class=\"wp-block-paragraph\">La salida de Morales, de acuerdo con las comunicaciones oficiales, obedece a razones personales y familiares, y no se ha presentado como una decisi\u00f3n relacionada con diferencias frente a la pol\u00edtica educativa del Ejecutivo.<\/p>\n\n\n\n<p class=\"wp-block-paragraph\">La nueva ministra asumir\u00e1 una cartera que enfrenta retos como la calidad y cobertura educativa, la educaci\u00f3n superior, la financiaci\u00f3n del sistema p\u00fablico, las condiciones de docentes y estudiantes y la definici\u00f3n de los contenidos y pol\u00edticas educativas que marcar\u00e1n al nuevo Gobierno.<\/p>\n\n\n\n<p class=\"wp-block-paragraph\">Con su llegada, adem\u00e1s, se abre una nueva etapa en la pol\u00edtica educativa nacional, marcada por un perfil jur\u00eddico y acad\u00e9mico con posiciones conservadoras y una fuerte defensa de los valores que el presidente De la Espriella destac\u00f3 al anunciar su nombramiento.<\/p>\n\n\n\n<p class=\"wp-block-paragraph\">Ilva Myriam Hoyos asumir\u00e1 oficialmente el Ministerio de Educaci\u00f3n a partir del 7 de septiembre, cuando se haga efectiva la salida de Viviane Morales.<\/p>\n\n\n\n<p class=\"wp-block-paragraph\"><\/p>\n","protected":false},"excerpt":{"rendered":"<p>La salida de Morales se har\u00e1 efectiva el pr\u00f3ximo 7 de septiembre. La nueva ministra es abogada, doctora en Derecho y tiene una amplia trayectoria acad\u00e9mica y en el sector p\u00fablico. El presidente de la Rep\u00fablica, Abelardo De la Espriella, anunci\u00f3 la salida de Viviane Morales Hoyos del Ministerio de Educaci\u00f3n Nacional, luego de aceptar [&hellip;]<\/p>\n","protected":false},"author":1,"featured_media":17749,"comment_status":"open","ping_status":"closed","sticky":false,"template":"","format":"standard","meta":{"_monsterinsights_skip_tracking":false,"footnotes":""},"categories":[44],"tags":[],"class_list":["post-17748","post","type-post","status-publish","format-standard","has-post-thumbnail","hentry","category-pais"],"aioseo_notices":[],"aioseo_head":"\n\t\t<!-- All in One SEO 5.0.0.1 - aioseo.com -->\n\t<meta name=\"description\" content=\"La salida de Morales se har\u00e1 efectiva el pr\u00f3ximo 7 de septiembre. La nueva ministra es abogada, doctora en Derecho y tiene una amplia trayectoria acad\u00e9mica y en el sector p\u00fablico. El presidente de la Rep\u00fablica, Abelardo De la Espriella, anunci\u00f3 la salida de Viviane Morales Hoyos del Ministerio de Educaci\u00f3n Nacional, luego de aceptar\" \/>\n\t<meta name=\"robots\" content=\"max-image-preview:large\" \/>\n\t<meta name=\"author\" content=\"admccesar\"\/>\n\t<link rel=\"canonical\" href=\"https:\/\/conexioncesar.com\/index.php\/2026\/09\/03\/primer-cambio-en-el-gabinete-de-de-la-espriella-sale-viviane-morales-y-llega-ilva-myriam-hoyos-a-educacion\/\" \/>\n\t<meta name=\"generator\" content=\"All in One SEO (AIOSEO) 5.0.0.1\" \/>\n\t\t<meta property=\"og:locale\" content=\"es_ES\" \/>\n\t\t<meta property=\"og:site_name\" content=\"Conexi\u00f3n Cesar - Portal web\" \/>\n\t\t<meta property=\"og:type\" content=\"article\" \/>\n\t\t<meta property=\"og:title\" content=\"Primer cambio en el gabinete de De la Espriella: sale Viviane Morales y llega Ilva Myriam Hoyos a Educaci\u00f3n - Conexi\u00f3n Cesar\" \/>\n\t\t<meta property=\"og:description\" content=\"La salida de Morales se har\u00e1 efectiva el pr\u00f3ximo 7 de septiembre. La nueva ministra es abogada, doctora en Derecho y tiene una amplia trayectoria acad\u00e9mica y en el sector p\u00fablico. El presidente de la Rep\u00fablica, Abelardo De la Espriella, anunci\u00f3 la salida de Viviane Morales Hoyos del Ministerio de Educaci\u00f3n Nacional, luego de aceptar\" \/>\n\t\t<meta property=\"og:url\" content=\"https:\/\/conexioncesar.com\/index.php\/2026\/09\/03\/primer-cambio-en-el-gabinete-de-de-la-espriella-sale-viviane-morales-y-llega-ilva-myriam-hoyos-a-educacion\/\" \/>\n\t\t<meta property=\"og:image\" content=\"https:\/\/conexioncesar.com\/wp-content\/uploads\/2026\/09\/WhatsApp-Image-2026-09-03-at-8.58.09-AM.jpeg\" \/>\n\t\t<meta property=\"og:image:secure_url\" content=\"https:\/\/conexioncesar.com\/wp-content\/uploads\/2026\/09\/WhatsApp-Image-2026-09-03-at-8.58.09-AM.jpeg\" \/>\n\t\t<meta property=\"og:image:width\" content=\"1170\" \/>\n\t\t<meta property=\"og:image:height\" content=\"775\" \/>\n\t\t<meta property=\"article:published_time\" content=\"2026-09-03T13:59:25+00:00\" \/>\n\t\t<meta property=\"article:modified_time\" content=\"2026-09-03T13:59:26+00:00\" \/>\n\t\t<meta property=\"article:publisher\" content=\"https:\/\/www.facebook.com\/profile.php?id=100083593141068\" \/>\n\t\t<meta name=\"twitter:card\" content=\"summary\" \/>\n\t\t<meta name=\"twitter:title\" content=\"Primer cambio en el gabinete de De la Espriella: sale Viviane Morales y llega Ilva Myriam Hoyos a Educaci\u00f3n - Conexi\u00f3n Cesar\" \/>\n\t\t<meta name=\"twitter:description\" content=\"La salida de Morales se har\u00e1 efectiva el pr\u00f3ximo 7 de septiembre. La nueva ministra es abogada, doctora en Derecho y tiene una amplia trayectoria acad\u00e9mica y en el sector p\u00fablico. El presidente de la Rep\u00fablica, Abelardo De la Espriella, anunci\u00f3 la salida de Viviane Morales Hoyos del Ministerio de Educaci\u00f3n Nacional, luego de aceptar\" \/>\n\t\t<meta name=\"twitter:image\" content=\"https:\/\/conexioncesar.com\/wp-content\/uploads\/2026\/09\/WhatsApp-Image-2026-09-03-at-8.58.09-AM.jpeg\" \/>\n\t\t<script type=\"application\/ld+json\" class=\"aioseo-schema\">\n\t\t\t{\"@context\":\"https:\\\/\\\/schema.org\",\"@graph\":[{\"@type\":\"BlogPosting\",\"@id\":\"https:\\\/\\\/conexioncesar.com\\\/index.php\\\/2026\\\/09\\\/03\\\/primer-cambio-en-el-gabinete-de-de-la-espriella-sale-viviane-morales-y-llega-ilva-myriam-hoyos-a-educacion\\\/#blogposting\",\"name\":\"Primer cambio en el gabinete de De la Espriella: sale Viviane Morales y llega Ilva Myriam Hoyos a Educaci\\u00f3n - Conexi\\u00f3n Cesar\",\"headline\":\"Primer cambio en el gabinete de De la Espriella: sale Viviane Morales y llega Ilva Myriam Hoyos a Educaci\\u00f3n\",\"author\":{\"@id\":\"https:\\\/\\\/conexioncesar.com\\\/index.php\\\/author\\\/admccesar\\\/#author\"},\"publisher\":{\"@id\":\"https:\\\/\\\/conexioncesar.com\\\/#organization\"},\"image\":{\"@type\":\"ImageObject\",\"url\":\"https:\\\/\\\/conexioncesar.com\\\/wp-content\\\/uploads\\\/2026\\\/09\\\/WhatsApp-Image-2026-09-03-at-8.58.09-AM.jpeg\",\"width\":1170,\"height\":775},\"datePublished\":\"2026-09-03T08:59:25-05:00\",\"dateModified\":\"2026-09-03T08:59:26-05:00\",\"inLanguage\":\"es-CO\",\"mainEntityOfPage\":{\"@id\":\"https:\\\/\\\/conexioncesar.com\\\/index.php\\\/2026\\\/09\\\/03\\\/primer-cambio-en-el-gabinete-de-de-la-espriella-sale-viviane-morales-y-llega-ilva-myriam-hoyos-a-educacion\\\/#webpage\"},\"isPartOf\":{\"@id\":\"https:\\\/\\\/conexioncesar.com\\\/index.php\\\/2026\\\/09\\\/03\\\/primer-cambio-en-el-gabinete-de-de-la-espriella-sale-viviane-morales-y-llega-ilva-myriam-hoyos-a-educacion\\\/#webpage\"},\"articleSection\":\"Pa\\u00eds\"},{\"@type\":\"BreadcrumbList\",\"@id\":\"https:\\\/\\\/conexioncesar.com\\\/index.php\\\/2026\\\/09\\\/03\\\/primer-cambio-en-el-gabinete-de-de-la-espriella-sale-viviane-morales-y-llega-ilva-myriam-hoyos-a-educacion\\\/#breadcrumblist\",\"itemListElement\":[{\"@type\":\"ListItem\",\"@id\":\"https:\\\/\\\/conexioncesar.com#listItem\",\"position\":1,\"name\":\"Home\",\"item\":\"https:\\\/\\\/conexioncesar.com\",\"nextItem\":{\"@type\":\"ListItem\",\"@id\":\"https:\\\/\\\/conexioncesar.com\\\/index.php\\\/category\\\/pais\\\/#listItem\",\"name\":\"Pa\\u00eds\"}},{\"@type\":\"ListItem\",\"@id\":\"https:\\\/\\\/conexioncesar.com\\\/index.php\\\/category\\\/pais\\\/#listItem\",\"position\":2,\"name\":\"Pa\\u00eds\",\"item\":\"https:\\\/\\\/conexioncesar.com\\\/index.php\\\/category\\\/pais\\\/\",\"nextItem\":{\"@type\":\"ListItem\",\"@id\":\"https:\\\/\\\/conexioncesar.com\\\/index.php\\\/2026\\\/09\\\/03\\\/primer-cambio-en-el-gabinete-de-de-la-espriella-sale-viviane-morales-y-llega-ilva-myriam-hoyos-a-educacion\\\/#listItem\",\"name\":\"Primer cambio en el gabinete de De la Espriella: sale Viviane Morales y llega Ilva Myriam Hoyos a Educaci\\u00f3n\"},\"previousItem\":{\"@type\":\"ListItem\",\"@id\":\"https:\\\/\\\/conexioncesar.com#listItem\",\"name\":\"Home\"}},{\"@type\":\"ListItem\",\"@id\":\"https:\\\/\\\/conexioncesar.com\\\/index.php\\\/2026\\\/09\\\/03\\\/primer-cambio-en-el-gabinete-de-de-la-espriella-sale-viviane-morales-y-llega-ilva-myriam-hoyos-a-educacion\\\/#listItem\",\"position\":3,\"name\":\"Primer cambio en el gabinete de De la Espriella: sale Viviane Morales y llega Ilva Myriam Hoyos a Educaci\\u00f3n\",\"previousItem\":{\"@type\":\"ListItem\",\"@id\":\"https:\\\/\\\/conexioncesar.com\\\/index.php\\\/category\\\/pais\\\/#listItem\",\"name\":\"Pa\\u00eds\"}}]},{\"@type\":\"Organization\",\"@id\":\"https:\\\/\\\/conexioncesar.com\\\/#organization\",\"name\":\"Conexi\\u00f3n Cesar\",\"description\":\"Portal web\",\"url\":\"https:\\\/\\\/conexioncesar.com\\\/\",\"sameAs\":[\"https:\\\/\\\/www.facebook.com\\\/profile.php?id=100083593141068\",\"https:\\\/\\\/www.instagram.com\\\/conexioncesar?utm_source=ig_web_button_share_sheet&igsh=ZDNlZDc0MzIxNw==\",\"https:\\\/\\\/youtube.com\\\/@conexioncesar7309?si=sCv5WiO1fXEwkkYN\"]},{\"@type\":\"Person\",\"@id\":\"https:\\\/\\\/conexioncesar.com\\\/index.php\\\/author\\\/admccesar\\\/#author\",\"url\":\"https:\\\/\\\/conexioncesar.com\\\/index.php\\\/author\\\/admccesar\\\/\",\"name\":\"admccesar\",\"image\":{\"@type\":\"ImageObject\",\"@id\":\"https:\\\/\\\/conexioncesar.com\\\/index.php\\\/2026\\\/09\\\/03\\\/primer-cambio-en-el-gabinete-de-de-la-espriella-sale-viviane-morales-y-llega-ilva-myriam-hoyos-a-educacion\\\/#authorImage\",\"url\":\"https:\\\/\\\/secure.gravatar.com\\\/avatar\\\/bb14dc25bee5fd97148f651b904985f4508c0095d63e0eda456a03a8872a484e?s=96&d=mm&r=g\",\"width\":96,\"height\":96,\"caption\":\"admccesar\"}},{\"@type\":\"WebPage\",\"@id\":\"https:\\\/\\\/conexioncesar.com\\\/index.php\\\/2026\\\/09\\\/03\\\/primer-cambio-en-el-gabinete-de-de-la-espriella-sale-viviane-morales-y-llega-ilva-myriam-hoyos-a-educacion\\\/#webpage\",\"url\":\"https:\\\/\\\/conexioncesar.com\\\/index.php\\\/2026\\\/09\\\/03\\\/primer-cambio-en-el-gabinete-de-de-la-espriella-sale-viviane-morales-y-llega-ilva-myriam-hoyos-a-educacion\\\/\",\"name\":\"Primer cambio en el gabinete de De la Espriella: sale Viviane Morales y llega Ilva Myriam Hoyos a Educaci\\u00f3n - Conexi\\u00f3n Cesar\",\"description\":\"La salida de Morales se har\\u00e1 efectiva el pr\\u00f3ximo 7 de septiembre. La nueva ministra es abogada, doctora en Derecho y tiene una amplia trayectoria acad\\u00e9mica y en el sector p\\u00fablico. El presidente de la Rep\\u00fablica, Abelardo De la Espriella, anunci\\u00f3 la salida de Viviane Morales Hoyos del Ministerio de Educaci\\u00f3n Nacional, luego de aceptar\",\"inLanguage\":\"es-CO\",\"isPartOf\":{\"@id\":\"https:\\\/\\\/conexioncesar.com\\\/#website\"},\"breadcrumb\":{\"@id\":\"https:\\\/\\\/conexioncesar.com\\\/index.php\\\/2026\\\/09\\\/03\\\/primer-cambio-en-el-gabinete-de-de-la-espriella-sale-viviane-morales-y-llega-ilva-myriam-hoyos-a-educacion\\\/#breadcrumblist\"},\"author\":{\"@id\":\"https:\\\/\\\/conexioncesar.com\\\/index.php\\\/author\\\/admccesar\\\/#author\"},\"creator\":{\"@id\":\"https:\\\/\\\/conexioncesar.com\\\/index.php\\\/author\\\/admccesar\\\/#author\"},\"image\":{\"@type\":\"ImageObject\",\"url\":\"https:\\\/\\\/conexioncesar.com\\\/wp-content\\\/uploads\\\/2026\\\/09\\\/WhatsApp-Image-2026-09-03-at-8.58.09-AM.jpeg\",\"@id\":\"https:\\\/\\\/conexioncesar.com\\\/index.php\\\/2026\\\/09\\\/03\\\/primer-cambio-en-el-gabinete-de-de-la-espriella-sale-viviane-morales-y-llega-ilva-myriam-hoyos-a-educacion\\\/#mainImage\",\"width\":1170,\"height\":775},\"primaryImageOfPage\":{\"@id\":\"https:\\\/\\\/conexioncesar.com\\\/index.php\\\/2026\\\/09\\\/03\\\/primer-cambio-en-el-gabinete-de-de-la-espriella-sale-viviane-morales-y-llega-ilva-myriam-hoyos-a-educacion\\\/#mainImage\"},\"datePublished\":\"2026-09-03T08:59:25-05:00\",\"dateModified\":\"2026-09-03T08:59:26-05:00\"},{\"@type\":\"WebSite\",\"@id\":\"https:\\\/\\\/conexioncesar.com\\\/#website\",\"url\":\"https:\\\/\\\/conexioncesar.com\\\/\",\"name\":\"Conexi\\u00f3n Cesar\",\"description\":\"Portal web\",\"inLanguage\":\"es-CO\",\"publisher\":{\"@id\":\"https:\\\/\\\/conexioncesar.com\\\/#organization\"}}]}\n\t\t<\/script>\n\t\t<!-- All in One SEO -->\n\n","aioseo_head_json":{"title":"Primer cambio en el gabinete de De la Espriella: sale Viviane Morales y llega Ilva Myriam Hoyos a Educaci\u00f3n - Conexi\u00f3n Cesar","description":"La salida de Morales se har\u00e1 efectiva el pr\u00f3ximo 7 de septiembre. La nueva ministra es abogada, doctora en Derecho y tiene una amplia trayectoria acad\u00e9mica y en el sector p\u00fablico. El presidente de la Rep\u00fablica, Abelardo De la Espriella, anunci\u00f3 la salida de Viviane Morales Hoyos del Ministerio de Educaci\u00f3n Nacional, luego de aceptar","canonical_url":"https:\/\/conexioncesar.com\/index.php\/2026\/09\/03\/primer-cambio-en-el-gabinete-de-de-la-espriella-sale-viviane-morales-y-llega-ilva-myriam-hoyos-a-educacion\/","robots":"max-image-preview:large","keywords":"","webmasterTools":{"miscellaneous":""},"schema":{"@context":"https:\/\/schema.org","@graph":[{"@type":"BlogPosting","@id":"https:\/\/conexioncesar.com\/index.php\/2026\/09\/03\/primer-cambio-en-el-gabinete-de-de-la-espriella-sale-viviane-morales-y-llega-ilva-myriam-hoyos-a-educacion\/#blogposting","name":"Primer cambio en el gabinete de De la Espriella: sale Viviane Morales y llega Ilva Myriam Hoyos a Educaci\u00f3n - Conexi\u00f3n Cesar","headline":"Primer cambio en el gabinete de De la Espriella: sale Viviane Morales y llega Ilva Myriam Hoyos a Educaci\u00f3n","author":{"@id":"https:\/\/conexioncesar.com\/index.php\/author\/admccesar\/#author"},"publisher":{"@id":"https:\/\/conexioncesar.com\/#organization"},"image":{"@type":"ImageObject","url":"https:\/\/conexioncesar.com\/wp-content\/uploads\/2026\/09\/WhatsApp-Image-2026-09-03-at-8.58.09-AM.jpeg","width":1170,"height":775},"datePublished":"2026-09-03T08:59:25-05:00","dateModified":"2026-09-03T08:59:26-05:00","inLanguage":"es-CO","mainEntityOfPage":{"@id":"https:\/\/conexioncesar.com\/index.php\/2026\/09\/03\/primer-cambio-en-el-gabinete-de-de-la-espriella-sale-viviane-morales-y-llega-ilva-myriam-hoyos-a-educacion\/#webpage"},"isPartOf":{"@id":"https:\/\/conexioncesar.com\/index.php\/2026\/09\/03\/primer-cambio-en-el-gabinete-de-de-la-espriella-sale-viviane-morales-y-llega-ilva-myriam-hoyos-a-educacion\/#webpage"},"articleSection":"Pa\u00eds"},{"@type":"BreadcrumbList","@id":"https:\/\/conexioncesar.com\/index.php\/2026\/09\/03\/primer-cambio-en-el-gabinete-de-de-la-espriella-sale-viviane-morales-y-llega-ilva-myriam-hoyos-a-educacion\/#breadcrumblist","itemListElement":[{"@type":"ListItem","@id":"https:\/\/conexioncesar.com#listItem","position":1,"name":"Home","item":"https:\/\/conexioncesar.com","nextItem":{"@type":"ListItem","@id":"https:\/\/conexioncesar.com\/index.php\/category\/pais\/#listItem","name":"Pa\u00eds"}},{"@type":"ListItem","@id":"https:\/\/conexioncesar.com\/index.php\/category\/pais\/#listItem","position":2,"name":"Pa\u00eds","item":"https:\/\/conexioncesar.com\/index.php\/category\/pais\/","nextItem":{"@type":"ListItem","@id":"https:\/\/conexioncesar.com\/index.php\/2026\/09\/03\/primer-cambio-en-el-gabinete-de-de-la-espriella-sale-viviane-morales-y-llega-ilva-myriam-hoyos-a-educacion\/#listItem","name":"Primer cambio en el gabinete de De la Espriella: sale Viviane Morales y llega Ilva Myriam Hoyos a Educaci\u00f3n"},"previousItem":{"@type":"ListItem","@id":"https:\/\/conexioncesar.com#listItem","name":"Home"}},{"@type":"ListItem","@id":"https:\/\/conexioncesar.com\/index.php\/2026\/09\/03\/primer-cambio-en-el-gabinete-de-de-la-espriella-sale-viviane-morales-y-llega-ilva-myriam-hoyos-a-educacion\/#listItem","position":3,"name":"Primer cambio en el gabinete de De la Espriella: sale Viviane Morales y llega Ilva Myriam Hoyos a Educaci\u00f3n","previousItem":{"@type":"ListItem","@id":"https:\/\/conexioncesar.com\/index.php\/category\/pais\/#listItem","name":"Pa\u00eds"}}]},{"@type":"Organization","@id":"https:\/\/conexioncesar.com\/#organization","name":"Conexi\u00f3n Cesar","description":"Portal web","url":"https:\/\/conexioncesar.com\/","sameAs":["https:\/\/www.facebook.com\/profile.php?id=100083593141068","https:\/\/www.instagram.com\/conexioncesar?utm_source=ig_web_button_share_sheet&igsh=ZDNlZDc0MzIxNw==","https:\/\/youtube.com\/@conexioncesar7309?si=sCv5WiO1fXEwkkYN"]},{"@type":"Person","@id":"https:\/\/conexioncesar.com\/index.php\/author\/admccesar\/#author","url":"https:\/\/conexioncesar.com\/index.php\/author\/admccesar\/","name":"admccesar","image":{"@type":"ImageObject","@id":"https:\/\/conexioncesar.com\/index.php\/2026\/09\/03\/primer-cambio-en-el-gabinete-de-de-la-espriella-sale-viviane-morales-y-llega-ilva-myriam-hoyos-a-educacion\/#authorImage","url":"https:\/\/secure.gravatar.com\/avatar\/bb14dc25bee5fd97148f651b904985f4508c0095d63e0eda456a03a8872a484e?s=96&d=mm&r=g","width":96,"height":96,"caption":"admccesar"}},{"@type":"WebPage","@id":"https:\/\/conexioncesar.com\/index.php\/2026\/09\/03\/primer-cambio-en-el-gabinete-de-de-la-espriella-sale-viviane-morales-y-llega-ilva-myriam-hoyos-a-educacion\/#webpage","url":"https:\/\/conexioncesar.com\/index.php\/2026\/09\/03\/primer-cambio-en-el-gabinete-de-de-la-espriella-sale-viviane-morales-y-llega-ilva-myriam-hoyos-a-educacion\/","name":"Primer cambio en el gabinete de De la Espriella: sale Viviane Morales y llega Ilva Myriam Hoyos a Educaci\u00f3n - Conexi\u00f3n Cesar","description":"La salida de Morales se har\u00e1 efectiva el pr\u00f3ximo 7 de septiembre. La nueva ministra es abogada, doctora en Derecho y tiene una amplia trayectoria acad\u00e9mica y en el sector p\u00fablico. El presidente de la Rep\u00fablica, Abelardo De la Espriella, anunci\u00f3 la salida de Viviane Morales Hoyos del Ministerio de Educaci\u00f3n Nacional, luego de aceptar","inLanguage":"es-CO","isPartOf":{"@id":"https:\/\/conexioncesar.com\/#website"},"breadcrumb":{"@id":"https:\/\/conexioncesar.com\/index.php\/2026\/09\/03\/primer-cambio-en-el-gabinete-de-de-la-espriella-sale-viviane-morales-y-llega-ilva-myriam-hoyos-a-educacion\/#breadcrumblist"},"author":{"@id":"https:\/\/conexioncesar.com\/index.php\/author\/admccesar\/#author"},"creator":{"@id":"https:\/\/conexioncesar.com\/index.php\/author\/admccesar\/#author"},"image":{"@type":"ImageObject","url":"https:\/\/conexioncesar.com\/wp-content\/uploads\/2026\/09\/WhatsApp-Image-2026-09-03-at-8.58.09-AM.jpeg","@id":"https:\/\/conexioncesar.com\/index.php\/2026\/09\/03\/primer-cambio-en-el-gabinete-de-de-la-espriella-sale-viviane-morales-y-llega-ilva-myriam-hoyos-a-educacion\/#mainImage","width":1170,"height":775},"primaryImageOfPage":{"@id":"https:\/\/conexioncesar.com\/index.php\/2026\/09\/03\/primer-cambio-en-el-gabinete-de-de-la-espriella-sale-viviane-morales-y-llega-ilva-myriam-hoyos-a-educacion\/#mainImage"},"datePublished":"2026-09-03T08:59:25-05:00","dateModified":"2026-09-03T08:59:26-05:00"},{"@type":"WebSite","@id":"https:\/\/conexioncesar.com\/#website","url":"https:\/\/conexioncesar.com\/","name":"Conexi\u00f3n Cesar","description":"Portal web","inLanguage":"es-CO","publisher":{"@id":"https:\/\/conexioncesar.com\/#organization"}}]},"og:locale":"es_ES","og:site_name":"Conexi\u00f3n Cesar - Portal web","og:type":"article","og:title":"Primer cambio en el gabinete de De la Espriella: sale Viviane Morales y llega Ilva Myriam Hoyos a Educaci\u00f3n - Conexi\u00f3n Cesar","og:description":"La salida de Morales se har\u00e1 efectiva el pr\u00f3ximo 7 de septiembre. La nueva ministra es abogada, doctora en Derecho y tiene una amplia trayectoria acad\u00e9mica y en el sector p\u00fablico. El presidente de la Rep\u00fablica, Abelardo De la Espriella, anunci\u00f3 la salida de Viviane Morales Hoyos del Ministerio de Educaci\u00f3n Nacional, luego de aceptar","og:url":"https:\/\/conexioncesar.com\/index.php\/2026\/09\/03\/primer-cambio-en-el-gabinete-de-de-la-espriella-sale-viviane-morales-y-llega-ilva-myriam-hoyos-a-educacion\/","og:image":"https:\/\/conexioncesar.com\/wp-content\/uploads\/2026\/09\/WhatsApp-Image-2026-09-03-at-8.58.09-AM.jpeg","og:image:secure_url":"https:\/\/conexioncesar.com\/wp-content\/uploads\/2026\/09\/WhatsApp-Image-2026-09-03-at-8.58.09-AM.jpeg","og:image:width":1170,"og:image:height":775,"article:published_time":"2026-09-03T13:59:25+00:00","article:modified_time":"2026-09-03T13:59:26+00:00","article:publisher":"https:\/\/www.facebook.com\/profile.php?id=100083593141068","twitter:card":"summary","twitter:title":"Primer cambio en el gabinete de De la Espriella: sale Viviane Morales y llega Ilva Myriam Hoyos a Educaci\u00f3n - Conexi\u00f3n Cesar","twitter:description":"La salida de Morales se har\u00e1 efectiva el pr\u00f3ximo 7 de septiembre. La nueva ministra es abogada, doctora en Derecho y tiene una amplia trayectoria acad\u00e9mica y en el sector p\u00fablico. El presidente de la Rep\u00fablica, Abelardo De la Espriella, anunci\u00f3 la salida de Viviane Morales Hoyos del Ministerio de Educaci\u00f3n Nacional, luego de aceptar","twitter:image":"https:\/\/conexioncesar.com\/wp-content\/uploads\/2026\/09\/WhatsApp-Image-2026-09-03-at-8.58.09-AM.jpeg"},"aioseo_meta_data":{"post_id":"17748","title":null,"description":null,"keywords":null,"keyphrases":{"focus":{"keyphrase":"","score":0,"analysis":{"keyphraseInTitle":{"score":0,"maxScore":9,"error":1}}},"additional":[]},"primary_term":null,"canonical_url":null,"og_title":null,"og_description":null,"og_object_type":"default","og_image_type":"default","og_image_url":null,"og_image_width":null,"og_image_height":null,"og_image_custom_url":null,"og_image_custom_fields":null,"og_video":"","og_custom_url":null,"og_article_section":null,"og_article_tags":null,"twitter_use_og":false,"twitter_card":"default","twitter_image_type":"default","twitter_image_url":null,"twitter_image_custom_url":null,"twitter_image_custom_fields":null,"twitter_title":null,"twitter_description":null,"schema":{"blockGraphs":[],"customGraphs":[],"default":{"data":{"Article":[],"Course":[],"Dataset":[],"FAQPage":[],"Movie":[],"Person":[],"Product":[],"ProductReview":[],"Car":[],"Recipe":[],"Service":[],"SoftwareApplication":[],"WebPage":[]},"graphName":"BlogPosting","isEnabled":true},"graphs":[]},"schema_type":"default","schema_type_options":null,"pillar_content":false,"robots_default":true,"robots_noindex":false,"robots_noarchive":false,"robots_nosnippet":false,"robots_nofollow":false,"robots_noimageindex":false,"robots_noodp":false,"robots_notranslate":false,"robots_max_snippet":"-1","robots_max_videopreview":"-1","robots_max_imagepreview":"large","priority":null,"frequency":"default","local_seo":null,"breadcrumb_settings":null,"limit_modified_date":false,"ai":{"faqs":[],"keyPoints":[],"schemas":[],"titles":[],"descriptions":[],"socialPosts":{"email":{"subject":"","preview":"","content":""},"linkedin":[],"twitter":[],"facebook":[],"instagram":[]}},"created":"2026-09-03 13:59:26","updated":"2026-09-03 17:00:43","focus_keyword":null,"additional_keywords":null,"truseo_locale":null,"seo_analyzer_scan_date":null},"aioseo_breadcrumb":"<div class=\"aioseo-breadcrumbs\"><span class=\"aioseo-breadcrumb\">\n\t\t\t<a href=\"https:\/\/conexioncesar.com\" title=\"Home\">Home<\/a>\n\t\t<\/span><span class=\"aioseo-breadcrumb-separator\">&raquo;<\/span><span class=\"aioseo-breadcrumb\">\n\t\t\t<a href=\"https:\/\/conexioncesar.com\/index.php\/category\/pais\/\" title=\"Pa\u00eds\">Pa\u00eds<\/a>\n\t\t<\/span><span class=\"aioseo-breadcrumb-separator\">&raquo;<\/span><span class=\"aioseo-breadcrumb\">\n\t\t\tPrimer cambio en el gabinete de De la Espriella: sale Viviane Morales y llega Ilva Myriam Hoyos a Educaci\u00f3n\n\t\t<\/span><\/div>","aioseo_breadcrumb_json":[{"label":"Home","link":"https:\/\/conexioncesar.com"},{"label":"Pa\u00eds","link":"https:\/\/conexioncesar.com\/index.php\/category\/pais\/"},{"label":"Primer cambio en el gabinete de De la Espriella: sale Viviane Morales y llega Ilva Myriam Hoyos a Educaci\u00f3n","link":"https:\/\/conexioncesar.com\/index.php\/2026\/09\/03\/primer-cambio-en-el-gabinete-de-de-la-espriella-sale-viviane-morales-y-llega-ilva-myriam-hoyos-a-educacion\/"}],"jetpack_featured_media_url":"https:\/\/conexioncesar.com\/wp-content\/uploads\/2026\/09\/WhatsApp-Image-2026-09-03-at-8.58.09-AM.jpeg","_links":{"self":[{"href":"https:\/\/conexioncesar.com\/index.php\/wp-json\/wp\/v2\/posts\/17748","targetHints":{"allow":["GET"]}}],"collection":[{"href":"https:\/\/conexioncesar.com\/index.php\/wp-json\/wp\/v2\/posts"}],"about":[{"href":"https:\/\/conexioncesar.com\/index.php\/wp-json\/wp\/v2\/types\/post"}],"author":[{"embeddable":true,"href":"https:\/\/conexioncesar.com\/index.php\/wp-json\/wp\/v2\/users\/1"}],"replies":[{"embeddable":true,"href":"https:\/\/conexioncesar.com\/index.php\/wp-json\/wp\/v2\/comments?post=17748"}],"version-history":[{"count":1,"href":"https:\/\/conexioncesar.com\/index.php\/wp-json\/wp\/v2\/posts\/17748\/revisions"}],"predecessor-version":[{"id":17750,"href":"https:\/\/conexioncesar.com\/index.php\/wp-json\/wp\/v2\/posts\/17748\/revisions\/17750"}],"wp:featuredmedia":[{"embeddable":true,"href":"https:\/\/conexioncesar.com\/index.php\/wp-json\/wp\/v2\/media\/17749"}],"wp:attachment":[{"href":"https:\/\/conexioncesar.com\/index.php\/wp-json\/wp\/v2\/media?parent=17748"}],"wp:term":[{"taxonomy":"category","embeddable":true,"href":"https:\/\/conexioncesar.com\/index.php\/wp-json\/wp\/v2\/categories?post=17748"},{"taxonomy":"post_tag","embeddable":true,"href":"https:\/\/conexioncesar.com\/index.php\/wp-json\/wp\/v2\/tags?post=17748"}],"curies":[{"name":"wp","href":"https:\/\/api.w.org\/{rel}","templated":true}]}}