{"id":17751,"date":"2026-09-03T09:04:11","date_gmt":"2026-09-03T14:04:11","guid":{"rendered":"https:\/\/conexioncesar.com\/?p=17751"},"modified":"2026-09-03T09:04:12","modified_gmt":"2026-09-03T14:04:12","slug":"desde-hoy-comienzan-las-fotomultas-con-sanciones-economicas-en-valledupar","status":"publish","type":"post","link":"https:\/\/conexioncesar.com\/index.php\/2026\/09\/03\/desde-hoy-comienzan-las-fotomultas-con-sanciones-economicas-en-valledupar\/","title":{"rendered":"Desde hoy comienzan las fotomultas con sanciones econ\u00f3micas en Valledupar"},"content":{"rendered":"\n<h5 class=\"wp-block-heading\">Finaliz\u00f3 la etapa pedag\u00f3gica y las c\u00e1maras de fotodetecci\u00f3n ya pueden generar comparendos con efectos sancionatorios. Inicialmente se controlar\u00e1 el paso de sem\u00e1foros en rojo y otras conductas asociadas a la infracci\u00f3n D04.<\/h5>\n\n\n\n<p class=\"wp-block-paragraph\">Desde este jueves 3 de septiembre comienzan a regir en Valledupar las sanciones econ\u00f3micas derivadas del sistema de c\u00e1maras de fotodetecci\u00f3n instalado en diferentes puntos de la ciudad.<\/p>\n\n\n\n<p class=\"wp-block-paragraph\">La medida entra en vigor luego de finalizar este mi\u00e9rcoles 2 de septiembre la etapa pedag\u00f3gica que se inici\u00f3 el pasado 19 de agosto. Durante ese periodo, los conductores detectados cometiendo infracciones recibieron comparendos de car\u00e1cter pedag\u00f3gico, sin sanci\u00f3n econ\u00f3mica.<\/p>\n\n\n\n<p class=\"wp-block-paragraph\">De acuerdo con la Secretar\u00eda de Tr\u00e1nsito y Transporte de Valledupar, inicialmente las c\u00e1maras estar\u00e1n enfocadas en la infracci\u00f3n D04, relacionada principalmente con el cruce de sem\u00e1foros en rojo y el incumplimiento de se\u00f1ales de tr\u00e1nsito.<\/p>\n\n\n\n<p class=\"wp-block-paragraph\">Actualmente funcionan c\u00e1maras en puntos como el sector de La Vi\u00f1a, Los Manguitos y frente al Colegio Nacional Loperena. La administraci\u00f3n tambi\u00e9n ha informado sobre la habilitaci\u00f3n de otros puntos de fotodetecci\u00f3n en la ciudad.<\/p>\n\n\n\n<p class=\"wp-block-paragraph\"><strong><em>La c\u00e1mara no sanciona autom\u00e1ticamente<\/em><\/strong><\/p>\n\n\n\n<p class=\"wp-block-paragraph\">Uno de los aspectos que deben tener en cuenta los conductores es que la captura realizada por el sistema tecnol\u00f3gico constituye una evidencia de una posible infracci\u00f3n, pero debe ser revisada y validada por un agente de tr\u00e1nsito competente.<\/p>\n\n\n\n<p class=\"wp-block-paragraph\">Seg\u00fan el portal oficial de la Secretar\u00eda de Tr\u00e1nsito, el procedimiento contempla la detecci\u00f3n, registro de la evidencia, validaci\u00f3n por parte del agente, elaboraci\u00f3n del comparendo y posterior notificaci\u00f3n al propietario del veh\u00edculo.<\/p>\n\n\n\n<p class=\"wp-block-paragraph\">Con la entrada en vigencia de las sanciones, las autoridades hacen un llamado a los conductores a respetar las se\u00f1ales de tr\u00e1nsito, especialmente los sem\u00e1foros, y a mantener una conducci\u00f3n preventiva en las intersecciones vigiladas.<\/p>\n\n\n\n<p class=\"wp-block-paragraph\">La implementaci\u00f3n de este sistema busca fortalecer el control vial y contribuir a la reducci\u00f3n de la accidentalidad en Valledupar.<\/p>\n","protected":false},"excerpt":{"rendered":"<p>Finaliz\u00f3 la etapa pedag\u00f3gica y las c\u00e1maras de fotodetecci\u00f3n ya pueden generar comparendos con efectos sancionatorios. Inicialmente se controlar\u00e1 el paso de sem\u00e1foros en rojo y otras conductas asociadas a la infracci\u00f3n D04. Desde este jueves 3 de septiembre comienzan a regir en Valledupar las sanciones econ\u00f3micas derivadas del sistema de c\u00e1maras de fotodetecci\u00f3n instalado [&hellip;]<\/p>\n","protected":false},"author":1,"featured_media":17752,"comment_status":"open","ping_status":"closed","sticky":false,"template":"","format":"standard","meta":{"_monsterinsights_skip_tracking":false,"footnotes":""},"categories":[37],"tags":[],"class_list":["post-17751","post","type-post","status-publish","format-standard","has-post-thumbnail","hentry","category-generales"],"aioseo_notices":[],"aioseo_head":"\n\t\t<!-- All in One SEO 5.0.0.1 - aioseo.com -->\n\t<meta name=\"description\" content=\"Finaliz\u00f3 la etapa pedag\u00f3gica y las c\u00e1maras de fotodetecci\u00f3n ya pueden generar comparendos con efectos sancionatorios. Inicialmente se controlar\u00e1 el paso de sem\u00e1foros en rojo y otras conductas asociadas a la infracci\u00f3n D04. Desde este jueves 3 de septiembre comienzan a regir en Valledupar las sanciones econ\u00f3micas derivadas del sistema de c\u00e1maras de fotodetecci\u00f3n instalado\" \/>\n\t<meta name=\"robots\" content=\"max-image-preview:large\" \/>\n\t<meta name=\"author\" content=\"admccesar\"\/>\n\t<link rel=\"canonical\" href=\"https:\/\/conexioncesar.com\/index.php\/2026\/09\/03\/desde-hoy-comienzan-las-fotomultas-con-sanciones-economicas-en-valledupar\/\" \/>\n\t<meta name=\"generator\" content=\"All in One SEO (AIOSEO) 5.0.0.1\" \/>\n\t\t<meta property=\"og:locale\" content=\"es_ES\" \/>\n\t\t<meta property=\"og:site_name\" content=\"Conexi\u00f3n Cesar - Portal web\" \/>\n\t\t<meta property=\"og:type\" content=\"article\" \/>\n\t\t<meta property=\"og:title\" content=\"Desde hoy comienzan las fotomultas con sanciones econ\u00f3micas en Valledupar - Conexi\u00f3n Cesar\" \/>\n\t\t<meta property=\"og:description\" content=\"Finaliz\u00f3 la etapa pedag\u00f3gica y las c\u00e1maras de fotodetecci\u00f3n ya pueden generar comparendos con efectos sancionatorios. Inicialmente se controlar\u00e1 el paso de sem\u00e1foros en rojo y otras conductas asociadas a la infracci\u00f3n D04. Desde este jueves 3 de septiembre comienzan a regir en Valledupar las sanciones econ\u00f3micas derivadas del sistema de c\u00e1maras de fotodetecci\u00f3n instalado\" \/>\n\t\t<meta property=\"og:url\" content=\"https:\/\/conexioncesar.com\/index.php\/2026\/09\/03\/desde-hoy-comienzan-las-fotomultas-con-sanciones-economicas-en-valledupar\/\" \/>\n\t\t<meta property=\"og:image\" content=\"https:\/\/conexioncesar.com\/wp-content\/uploads\/2026\/09\/fotomulta.webp\" \/>\n\t\t<meta property=\"og:image:secure_url\" content=\"https:\/\/conexioncesar.com\/wp-content\/uploads\/2026\/09\/fotomulta.webp\" \/>\n\t\t<meta property=\"og:image:width\" content=\"780\" \/>\n\t\t<meta property=\"og:image:height\" content=\"565\" \/>\n\t\t<meta property=\"article:published_time\" content=\"2026-09-03T14:04:11+00:00\" \/>\n\t\t<meta property=\"article:modified_time\" content=\"2026-09-03T14:04:12+00:00\" \/>\n\t\t<meta property=\"article:publisher\" content=\"https:\/\/www.facebook.com\/profile.php?id=100083593141068\" \/>\n\t\t<meta name=\"twitter:card\" content=\"summary\" \/>\n\t\t<meta name=\"twitter:title\" content=\"Desde hoy comienzan las fotomultas con sanciones econ\u00f3micas en Valledupar - Conexi\u00f3n Cesar\" \/>\n\t\t<meta name=\"twitter:description\" content=\"Finaliz\u00f3 la etapa pedag\u00f3gica y las c\u00e1maras de fotodetecci\u00f3n ya pueden generar comparendos con efectos sancionatorios. Inicialmente se controlar\u00e1 el paso de sem\u00e1foros en rojo y otras conductas asociadas a la infracci\u00f3n D04. Desde este jueves 3 de septiembre comienzan a regir en Valledupar las sanciones econ\u00f3micas derivadas del sistema de c\u00e1maras de fotodetecci\u00f3n instalado\" \/>\n\t\t<meta name=\"twitter:image\" content=\"https:\/\/conexioncesar.com\/wp-content\/uploads\/2026\/09\/fotomulta.webp\" \/>\n\t\t<script type=\"application\/ld+json\" class=\"aioseo-schema\">\n\t\t\t{\"@context\":\"https:\\\/\\\/schema.org\",\"@graph\":[{\"@type\":\"BlogPosting\",\"@id\":\"https:\\\/\\\/conexioncesar.com\\\/index.php\\\/2026\\\/09\\\/03\\\/desde-hoy-comienzan-las-fotomultas-con-sanciones-economicas-en-valledupar\\\/#blogposting\",\"name\":\"Desde hoy comienzan las fotomultas con sanciones econ\\u00f3micas en Valledupar - Conexi\\u00f3n Cesar\",\"headline\":\"Desde hoy comienzan las fotomultas con sanciones econ\\u00f3micas en Valledupar\",\"author\":{\"@id\":\"https:\\\/\\\/conexioncesar.com\\\/index.php\\\/author\\\/admccesar\\\/#author\"},\"publisher\":{\"@id\":\"https:\\\/\\\/conexioncesar.com\\\/#organization\"},\"image\":{\"@type\":\"ImageObject\",\"url\":\"https:\\\/\\\/conexioncesar.com\\\/wp-content\\\/uploads\\\/2026\\\/09\\\/fotomulta.webp\",\"width\":780,\"height\":565},\"datePublished\":\"2026-09-03T09:04:11-05:00\",\"dateModified\":\"2026-09-03T09:04:12-05:00\",\"inLanguage\":\"es-CO\",\"mainEntityOfPage\":{\"@id\":\"https:\\\/\\\/conexioncesar.com\\\/index.php\\\/2026\\\/09\\\/03\\\/desde-hoy-comienzan-las-fotomultas-con-sanciones-economicas-en-valledupar\\\/#webpage\"},\"isPartOf\":{\"@id\":\"https:\\\/\\\/conexioncesar.com\\\/index.php\\\/2026\\\/09\\\/03\\\/desde-hoy-comienzan-las-fotomultas-con-sanciones-economicas-en-valledupar\\\/#webpage\"},\"articleSection\":\"Generales\"},{\"@type\":\"BreadcrumbList\",\"@id\":\"https:\\\/\\\/conexioncesar.com\\\/index.php\\\/2026\\\/09\\\/03\\\/desde-hoy-comienzan-las-fotomultas-con-sanciones-economicas-en-valledupar\\\/#breadcrumblist\",\"itemListElement\":[{\"@type\":\"ListItem\",\"@id\":\"https:\\\/\\\/conexioncesar.com#listItem\",\"position\":1,\"name\":\"Home\",\"item\":\"https:\\\/\\\/conexioncesar.com\",\"nextItem\":{\"@type\":\"ListItem\",\"@id\":\"https:\\\/\\\/conexioncesar.com\\\/index.php\\\/category\\\/generales\\\/#listItem\",\"name\":\"Generales\"}},{\"@type\":\"ListItem\",\"@id\":\"https:\\\/\\\/conexioncesar.com\\\/index.php\\\/category\\\/generales\\\/#listItem\",\"position\":2,\"name\":\"Generales\",\"item\":\"https:\\\/\\\/conexioncesar.com\\\/index.php\\\/category\\\/generales\\\/\",\"nextItem\":{\"@type\":\"ListItem\",\"@id\":\"https:\\\/\\\/conexioncesar.com\\\/index.php\\\/2026\\\/09\\\/03\\\/desde-hoy-comienzan-las-fotomultas-con-sanciones-economicas-en-valledupar\\\/#listItem\",\"name\":\"Desde hoy comienzan las fotomultas con sanciones econ\\u00f3micas en Valledupar\"},\"previousItem\":{\"@type\":\"ListItem\",\"@id\":\"https:\\\/\\\/conexioncesar.com#listItem\",\"name\":\"Home\"}},{\"@type\":\"ListItem\",\"@id\":\"https:\\\/\\\/conexioncesar.com\\\/index.php\\\/2026\\\/09\\\/03\\\/desde-hoy-comienzan-las-fotomultas-con-sanciones-economicas-en-valledupar\\\/#listItem\",\"position\":3,\"name\":\"Desde hoy comienzan las fotomultas con sanciones econ\\u00f3micas en Valledupar\",\"previousItem\":{\"@type\":\"ListItem\",\"@id\":\"https:\\\/\\\/conexioncesar.com\\\/index.php\\\/category\\\/generales\\\/#listItem\",\"name\":\"Generales\"}}]},{\"@type\":\"Organization\",\"@id\":\"https:\\\/\\\/conexioncesar.com\\\/#organization\",\"name\":\"Conexi\\u00f3n Cesar\",\"description\":\"Portal web\",\"url\":\"https:\\\/\\\/conexioncesar.com\\\/\",\"sameAs\":[\"https:\\\/\\\/www.facebook.com\\\/profile.php?id=100083593141068\",\"https:\\\/\\\/www.instagram.com\\\/conexioncesar?utm_source=ig_web_button_share_sheet&igsh=ZDNlZDc0MzIxNw==\",\"https:\\\/\\\/youtube.com\\\/@conexioncesar7309?si=sCv5WiO1fXEwkkYN\"]},{\"@type\":\"Person\",\"@id\":\"https:\\\/\\\/conexioncesar.com\\\/index.php\\\/author\\\/admccesar\\\/#author\",\"url\":\"https:\\\/\\\/conexioncesar.com\\\/index.php\\\/author\\\/admccesar\\\/\",\"name\":\"admccesar\",\"image\":{\"@type\":\"ImageObject\",\"@id\":\"https:\\\/\\\/conexioncesar.com\\\/index.php\\\/2026\\\/09\\\/03\\\/desde-hoy-comienzan-las-fotomultas-con-sanciones-economicas-en-valledupar\\\/#authorImage\",\"url\":\"https:\\\/\\\/secure.gravatar.com\\\/avatar\\\/bb14dc25bee5fd97148f651b904985f4508c0095d63e0eda456a03a8872a484e?s=96&d=mm&r=g\",\"width\":96,\"height\":96,\"caption\":\"admccesar\"}},{\"@type\":\"WebPage\",\"@id\":\"https:\\\/\\\/conexioncesar.com\\\/index.php\\\/2026\\\/09\\\/03\\\/desde-hoy-comienzan-las-fotomultas-con-sanciones-economicas-en-valledupar\\\/#webpage\",\"url\":\"https:\\\/\\\/conexioncesar.com\\\/index.php\\\/2026\\\/09\\\/03\\\/desde-hoy-comienzan-las-fotomultas-con-sanciones-economicas-en-valledupar\\\/\",\"name\":\"Desde hoy comienzan las fotomultas con sanciones econ\\u00f3micas en Valledupar - Conexi\\u00f3n Cesar\",\"description\":\"Finaliz\\u00f3 la etapa pedag\\u00f3gica y las c\\u00e1maras de fotodetecci\\u00f3n ya pueden generar comparendos con efectos sancionatorios. Inicialmente se controlar\\u00e1 el paso de sem\\u00e1foros en rojo y otras conductas asociadas a la infracci\\u00f3n D04. Desde este jueves 3 de septiembre comienzan a regir en Valledupar las sanciones econ\\u00f3micas derivadas del sistema de c\\u00e1maras de fotodetecci\\u00f3n instalado\",\"inLanguage\":\"es-CO\",\"isPartOf\":{\"@id\":\"https:\\\/\\\/conexioncesar.com\\\/#website\"},\"breadcrumb\":{\"@id\":\"https:\\\/\\\/conexioncesar.com\\\/index.php\\\/2026\\\/09\\\/03\\\/desde-hoy-comienzan-las-fotomultas-con-sanciones-economicas-en-valledupar\\\/#breadcrumblist\"},\"author\":{\"@id\":\"https:\\\/\\\/conexioncesar.com\\\/index.php\\\/author\\\/admccesar\\\/#author\"},\"creator\":{\"@id\":\"https:\\\/\\\/conexioncesar.com\\\/index.php\\\/author\\\/admccesar\\\/#author\"},\"image\":{\"@type\":\"ImageObject\",\"url\":\"https:\\\/\\\/conexioncesar.com\\\/wp-content\\\/uploads\\\/2026\\\/09\\\/fotomulta.webp\",\"@id\":\"https:\\\/\\\/conexioncesar.com\\\/index.php\\\/2026\\\/09\\\/03\\\/desde-hoy-comienzan-las-fotomultas-con-sanciones-economicas-en-valledupar\\\/#mainImage\",\"width\":780,\"height\":565},\"primaryImageOfPage\":{\"@id\":\"https:\\\/\\\/conexioncesar.com\\\/index.php\\\/2026\\\/09\\\/03\\\/desde-hoy-comienzan-las-fotomultas-con-sanciones-economicas-en-valledupar\\\/#mainImage\"},\"datePublished\":\"2026-09-03T09:04:11-05:00\",\"dateModified\":\"2026-09-03T09:04:12-05:00\"},{\"@type\":\"WebSite\",\"@id\":\"https:\\\/\\\/conexioncesar.com\\\/#website\",\"url\":\"https:\\\/\\\/conexioncesar.com\\\/\",\"name\":\"Conexi\\u00f3n Cesar\",\"description\":\"Portal web\",\"inLanguage\":\"es-CO\",\"publisher\":{\"@id\":\"https:\\\/\\\/conexioncesar.com\\\/#organization\"}}]}\n\t\t<\/script>\n\t\t<!-- All in One SEO -->\n\n","aioseo_head_json":{"title":"Desde hoy comienzan las fotomultas con sanciones econ\u00f3micas en Valledupar - Conexi\u00f3n Cesar","description":"Finaliz\u00f3 la etapa pedag\u00f3gica y las c\u00e1maras de fotodetecci\u00f3n ya pueden generar comparendos con efectos sancionatorios. Inicialmente se controlar\u00e1 el paso de sem\u00e1foros en rojo y otras conductas asociadas a la infracci\u00f3n D04. Desde este jueves 3 de septiembre comienzan a regir en Valledupar las sanciones econ\u00f3micas derivadas del sistema de c\u00e1maras de fotodetecci\u00f3n instalado","canonical_url":"https:\/\/conexioncesar.com\/index.php\/2026\/09\/03\/desde-hoy-comienzan-las-fotomultas-con-sanciones-economicas-en-valledupar\/","robots":"max-image-preview:large","keywords":"","webmasterTools":{"miscellaneous":""},"schema":{"@context":"https:\/\/schema.org","@graph":[{"@type":"BlogPosting","@id":"https:\/\/conexioncesar.com\/index.php\/2026\/09\/03\/desde-hoy-comienzan-las-fotomultas-con-sanciones-economicas-en-valledupar\/#blogposting","name":"Desde hoy comienzan las fotomultas con sanciones econ\u00f3micas en Valledupar - Conexi\u00f3n Cesar","headline":"Desde hoy comienzan las fotomultas con sanciones econ\u00f3micas en Valledupar","author":{"@id":"https:\/\/conexioncesar.com\/index.php\/author\/admccesar\/#author"},"publisher":{"@id":"https:\/\/conexioncesar.com\/#organization"},"image":{"@type":"ImageObject","url":"https:\/\/conexioncesar.com\/wp-content\/uploads\/2026\/09\/fotomulta.webp","width":780,"height":565},"datePublished":"2026-09-03T09:04:11-05:00","dateModified":"2026-09-03T09:04:12-05:00","inLanguage":"es-CO","mainEntityOfPage":{"@id":"https:\/\/conexioncesar.com\/index.php\/2026\/09\/03\/desde-hoy-comienzan-las-fotomultas-con-sanciones-economicas-en-valledupar\/#webpage"},"isPartOf":{"@id":"https:\/\/conexioncesar.com\/index.php\/2026\/09\/03\/desde-hoy-comienzan-las-fotomultas-con-sanciones-economicas-en-valledupar\/#webpage"},"articleSection":"Generales"},{"@type":"BreadcrumbList","@id":"https:\/\/conexioncesar.com\/index.php\/2026\/09\/03\/desde-hoy-comienzan-las-fotomultas-con-sanciones-economicas-en-valledupar\/#breadcrumblist","itemListElement":[{"@type":"ListItem","@id":"https:\/\/conexioncesar.com#listItem","position":1,"name":"Home","item":"https:\/\/conexioncesar.com","nextItem":{"@type":"ListItem","@id":"https:\/\/conexioncesar.com\/index.php\/category\/generales\/#listItem","name":"Generales"}},{"@type":"ListItem","@id":"https:\/\/conexioncesar.com\/index.php\/category\/generales\/#listItem","position":2,"name":"Generales","item":"https:\/\/conexioncesar.com\/index.php\/category\/generales\/","nextItem":{"@type":"ListItem","@id":"https:\/\/conexioncesar.com\/index.php\/2026\/09\/03\/desde-hoy-comienzan-las-fotomultas-con-sanciones-economicas-en-valledupar\/#listItem","name":"Desde hoy comienzan las fotomultas con sanciones econ\u00f3micas en Valledupar"},"previousItem":{"@type":"ListItem","@id":"https:\/\/conexioncesar.com#listItem","name":"Home"}},{"@type":"ListItem","@id":"https:\/\/conexioncesar.com\/index.php\/2026\/09\/03\/desde-hoy-comienzan-las-fotomultas-con-sanciones-economicas-en-valledupar\/#listItem","position":3,"name":"Desde hoy comienzan las fotomultas con sanciones econ\u00f3micas en Valledupar","previousItem":{"@type":"ListItem","@id":"https:\/\/conexioncesar.com\/index.php\/category\/generales\/#listItem","name":"Generales"}}]},{"@type":"Organization","@id":"https:\/\/conexioncesar.com\/#organization","name":"Conexi\u00f3n Cesar","description":"Portal web","url":"https:\/\/conexioncesar.com\/","sameAs":["https:\/\/www.facebook.com\/profile.php?id=100083593141068","https:\/\/www.instagram.com\/conexioncesar?utm_source=ig_web_button_share_sheet&igsh=ZDNlZDc0MzIxNw==","https:\/\/youtube.com\/@conexioncesar7309?si=sCv5WiO1fXEwkkYN"]},{"@type":"Person","@id":"https:\/\/conexioncesar.com\/index.php\/author\/admccesar\/#author","url":"https:\/\/conexioncesar.com\/index.php\/author\/admccesar\/","name":"admccesar","image":{"@type":"ImageObject","@id":"https:\/\/conexioncesar.com\/index.php\/2026\/09\/03\/desde-hoy-comienzan-las-fotomultas-con-sanciones-economicas-en-valledupar\/#authorImage","url":"https:\/\/secure.gravatar.com\/avatar\/bb14dc25bee5fd97148f651b904985f4508c0095d63e0eda456a03a8872a484e?s=96&d=mm&r=g","width":96,"height":96,"caption":"admccesar"}},{"@type":"WebPage","@id":"https:\/\/conexioncesar.com\/index.php\/2026\/09\/03\/desde-hoy-comienzan-las-fotomultas-con-sanciones-economicas-en-valledupar\/#webpage","url":"https:\/\/conexioncesar.com\/index.php\/2026\/09\/03\/desde-hoy-comienzan-las-fotomultas-con-sanciones-economicas-en-valledupar\/","name":"Desde hoy comienzan las fotomultas con sanciones econ\u00f3micas en Valledupar - Conexi\u00f3n Cesar","description":"Finaliz\u00f3 la etapa pedag\u00f3gica y las c\u00e1maras de fotodetecci\u00f3n ya pueden generar comparendos con efectos sancionatorios. Inicialmente se controlar\u00e1 el paso de sem\u00e1foros en rojo y otras conductas asociadas a la infracci\u00f3n D04. Desde este jueves 3 de septiembre comienzan a regir en Valledupar las sanciones econ\u00f3micas derivadas del sistema de c\u00e1maras de fotodetecci\u00f3n instalado","inLanguage":"es-CO","isPartOf":{"@id":"https:\/\/conexioncesar.com\/#website"},"breadcrumb":{"@id":"https:\/\/conexioncesar.com\/index.php\/2026\/09\/03\/desde-hoy-comienzan-las-fotomultas-con-sanciones-economicas-en-valledupar\/#breadcrumblist"},"author":{"@id":"https:\/\/conexioncesar.com\/index.php\/author\/admccesar\/#author"},"creator":{"@id":"https:\/\/conexioncesar.com\/index.php\/author\/admccesar\/#author"},"image":{"@type":"ImageObject","url":"https:\/\/conexioncesar.com\/wp-content\/uploads\/2026\/09\/fotomulta.webp","@id":"https:\/\/conexioncesar.com\/index.php\/2026\/09\/03\/desde-hoy-comienzan-las-fotomultas-con-sanciones-economicas-en-valledupar\/#mainImage","width":780,"height":565},"primaryImageOfPage":{"@id":"https:\/\/conexioncesar.com\/index.php\/2026\/09\/03\/desde-hoy-comienzan-las-fotomultas-con-sanciones-economicas-en-valledupar\/#mainImage"},"datePublished":"2026-09-03T09:04:11-05:00","dateModified":"2026-09-03T09:04:12-05:00"},{"@type":"WebSite","@id":"https:\/\/conexioncesar.com\/#website","url":"https:\/\/conexioncesar.com\/","name":"Conexi\u00f3n Cesar","description":"Portal web","inLanguage":"es-CO","publisher":{"@id":"https:\/\/conexioncesar.com\/#organization"}}]},"og:locale":"es_ES","og:site_name":"Conexi\u00f3n Cesar - Portal web","og:type":"article","og:title":"Desde hoy comienzan las fotomultas con sanciones econ\u00f3micas en Valledupar - Conexi\u00f3n Cesar","og:description":"Finaliz\u00f3 la etapa pedag\u00f3gica y las c\u00e1maras de fotodetecci\u00f3n ya pueden generar comparendos con efectos sancionatorios. Inicialmente se controlar\u00e1 el paso de sem\u00e1foros en rojo y otras conductas asociadas a la infracci\u00f3n D04. Desde este jueves 3 de septiembre comienzan a regir en Valledupar las sanciones econ\u00f3micas derivadas del sistema de c\u00e1maras de fotodetecci\u00f3n instalado","og:url":"https:\/\/conexioncesar.com\/index.php\/2026\/09\/03\/desde-hoy-comienzan-las-fotomultas-con-sanciones-economicas-en-valledupar\/","og:image":"https:\/\/conexioncesar.com\/wp-content\/uploads\/2026\/09\/fotomulta.webp","og:image:secure_url":"https:\/\/conexioncesar.com\/wp-content\/uploads\/2026\/09\/fotomulta.webp","og:image:width":780,"og:image:height":565,"article:published_time":"2026-09-03T14:04:11+00:00","article:modified_time":"2026-09-03T14:04:12+00:00","article:publisher":"https:\/\/www.facebook.com\/profile.php?id=100083593141068","twitter:card":"summary","twitter:title":"Desde hoy comienzan las fotomultas con sanciones econ\u00f3micas en Valledupar - Conexi\u00f3n Cesar","twitter:description":"Finaliz\u00f3 la etapa pedag\u00f3gica y las c\u00e1maras de fotodetecci\u00f3n ya pueden generar comparendos con efectos sancionatorios. Inicialmente se controlar\u00e1 el paso de sem\u00e1foros en rojo y otras conductas asociadas a la infracci\u00f3n D04. Desde este jueves 3 de septiembre comienzan a regir en Valledupar las sanciones econ\u00f3micas derivadas del sistema de c\u00e1maras de fotodetecci\u00f3n instalado","twitter:image":"https:\/\/conexioncesar.com\/wp-content\/uploads\/2026\/09\/fotomulta.webp"},"aioseo_meta_data":{"post_id":"17751","title":null,"description":null,"keywords":null,"keyphrases":{"focus":{"keyphrase":"","score":0,"analysis":{"keyphraseInTitle":{"score":0,"maxScore":9,"error":1}}},"additional":[]},"primary_term":null,"canonical_url":null,"og_title":null,"og_description":null,"og_object_type":"default","og_image_type":"default","og_image_url":null,"og_image_width":null,"og_image_height":null,"og_image_custom_url":null,"og_image_custom_fields":null,"og_video":"","og_custom_url":null,"og_article_section":null,"og_article_tags":null,"twitter_use_og":false,"twitter_card":"default","twitter_image_type":"default","twitter_image_url":null,"twitter_image_custom_url":null,"twitter_image_custom_fields":null,"twitter_title":null,"twitter_description":null,"schema":{"blockGraphs":[],"customGraphs":[],"default":{"data":{"Article":[],"Course":[],"Dataset":[],"FAQPage":[],"Movie":[],"Person":[],"Product":[],"ProductReview":[],"Car":[],"Recipe":[],"Service":[],"SoftwareApplication":[],"WebPage":[]},"graphName":"BlogPosting","isEnabled":true},"graphs":[]},"schema_type":"default","schema_type_options":null,"pillar_content":false,"robots_default":true,"robots_noindex":false,"robots_noarchive":false,"robots_nosnippet":false,"robots_nofollow":false,"robots_noimageindex":false,"robots_noodp":false,"robots_notranslate":false,"robots_max_snippet":"-1","robots_max_videopreview":"-1","robots_max_imagepreview":"large","priority":null,"frequency":"default","local_seo":null,"breadcrumb_settings":null,"limit_modified_date":false,"ai":{"faqs":[],"keyPoints":[],"schemas":[],"titles":[],"descriptions":[],"socialPosts":{"email":{"subject":"","preview":"","content":""},"linkedin":[],"twitter":[],"facebook":[],"instagram":[]}},"created":"2026-09-03 14:04:12","updated":"2026-09-03 17:00:43","focus_keyword":null,"additional_keywords":null,"truseo_locale":null,"seo_analyzer_scan_date":null},"aioseo_breadcrumb":"<div class=\"aioseo-breadcrumbs\"><span class=\"aioseo-breadcrumb\">\n\t\t\t<a href=\"https:\/\/conexioncesar.com\" title=\"Home\">Home<\/a>\n\t\t<\/span><span class=\"aioseo-breadcrumb-separator\">&raquo;<\/span><span class=\"aioseo-breadcrumb\">\n\t\t\t<a href=\"https:\/\/conexioncesar.com\/index.php\/category\/generales\/\" title=\"Generales\">Generales<\/a>\n\t\t<\/span><span class=\"aioseo-breadcrumb-separator\">&raquo;<\/span><span class=\"aioseo-breadcrumb\">\n\t\t\tDesde hoy comienzan las fotomultas con sanciones econ\u00f3micas en Valledupar\n\t\t<\/span><\/div>","aioseo_breadcrumb_json":[{"label":"Home","link":"https:\/\/conexioncesar.com"},{"label":"Generales","link":"https:\/\/conexioncesar.com\/index.php\/category\/generales\/"},{"label":"Desde hoy comienzan las fotomultas con sanciones econ\u00f3micas en Valledupar","link":"https:\/\/conexioncesar.com\/index.php\/2026\/09\/03\/desde-hoy-comienzan-las-fotomultas-con-sanciones-economicas-en-valledupar\/"}],"jetpack_featured_media_url":"https:\/\/conexioncesar.com\/wp-content\/uploads\/2026\/09\/fotomulta.webp","_links":{"self":[{"href":"https:\/\/conexioncesar.com\/index.php\/wp-json\/wp\/v2\/posts\/17751","targetHints":{"allow":["GET"]}}],"collection":[{"href":"https:\/\/conexioncesar.com\/index.php\/wp-json\/wp\/v2\/posts"}],"about":[{"href":"https:\/\/conexioncesar.com\/index.php\/wp-json\/wp\/v2\/types\/post"}],"author":[{"embeddable":true,"href":"https:\/\/conexioncesar.com\/index.php\/wp-json\/wp\/v2\/users\/1"}],"replies":[{"embeddable":true,"href":"https:\/\/conexioncesar.com\/index.php\/wp-json\/wp\/v2\/comments?post=17751"}],"version-history":[{"count":1,"href":"https:\/\/conexioncesar.com\/index.php\/wp-json\/wp\/v2\/posts\/17751\/revisions"}],"predecessor-version":[{"id":17753,"href":"https:\/\/conexioncesar.com\/index.php\/wp-json\/wp\/v2\/posts\/17751\/revisions\/17753"}],"wp:featuredmedia":[{"embeddable":true,"href":"https:\/\/conexioncesar.com\/index.php\/wp-json\/wp\/v2\/media\/17752"}],"wp:attachment":[{"href":"https:\/\/conexioncesar.com\/index.php\/wp-json\/wp\/v2\/media?parent=17751"}],"wp:term":[{"taxonomy":"category","embeddable":true,"href":"https:\/\/conexioncesar.com\/index.php\/wp-json\/wp\/v2\/categories?post=17751"},{"taxonomy":"post_tag","embeddable":true,"href":"https:\/\/conexioncesar.com\/index.php\/wp-json\/wp\/v2\/tags?post=17751"}],"curies":[{"name":"wp","href":"https:\/\/api.w.org\/{rel}","templated":true}]}}