{"id":17769,"date":"2026-09-03T17:48:18","date_gmt":"2026-09-03T22:48:18","guid":{"rendered":"https:\/\/conexioncesar.com\/?p=17769"},"modified":"2026-09-03T17:48:19","modified_gmt":"2026-09-03T22:48:19","slug":"sayco-plantea-en-el-bomm-2026-una-conversacion-clave-como-convertir-una-cancion-en-una-carrera-sostenible","status":"publish","type":"post","link":"https:\/\/conexioncesar.com\/index.php\/2026\/09\/03\/sayco-plantea-en-el-bomm-2026-una-conversacion-clave-como-convertir-una-cancion-en-una-carrera-sostenible\/","title":{"rendered":"SAYCO plantea en el BOmm 2026 una conversaci\u00f3n clave: c\u00f3mo convertir una canci\u00f3n en una carrera sostenible"},"content":{"rendered":"\n<h4 class=\"wp-block-heading\">Autores, compositores y artistas se encontrar\u00e1n en Bogot\u00e1 para hablar sobre el valor econ\u00f3mico de la<br>m\u00fasica, la protecci\u00f3n del derecho de autor y el papel de la gesti\u00f3n colectiva en la nueva industria musical.<br><\/h4>\n\n\n\n<p class=\"wp-block-paragraph\">En un momento en el que la industria musical atraviesa una de sus mayores transformaciones, la pregunta<br>sobre cu\u00e1nto vale realmente una canci\u00f3n y c\u00f3mo ese valor puede convertirse en una carrera sostenible para<br>quien la crea llegar\u00e1 al centro de la conversaci\u00f3n gracias al panel establecido por la Sociedad de Autores y<br>Compositores, SAYCO &#8211; durante el marco de la edici\u00f3n n\u00famero 15 del BOmm, Bogot\u00e1 Music Market \u2013 BOmm.<\/p>\n\n\n\n<p class=\"wp-block-paragraph\">SAYCO en articulaci\u00f3n con la Confederaci\u00f3n Internacional de Sociedades de Autores y Compositores<br>(CISAC), presentar\u00e1 el panel \u201cEl valor de una canci\u00f3n: c\u00f3mo proteger tu m\u00fasica y construir una carrera<br>sostenible\u201d, un encuentro que reunir\u00e1 a destacados compositores, artistas y expertos en derecho de autor<br>para analizar qu\u00e9 ocurre con una obra musical despu\u00e9s de ser creada y c\u00f3mo puede generar valor a trav\u00e9s<br>del tiempo.<\/p>\n\n\n\n<p class=\"wp-block-paragraph\"><br>La cita ser\u00e1 el mi\u00e9rcoles 9 de septiembre, a partir de las 2:00 pm en la Sala Bonfire de la Sede Industria<br>KINDER, dentro de la programaci\u00f3n de conferencias, showcases y networking del BOmm. El panel abordar\u00e1<br>tres momentos esenciales: c\u00f3mo nace una carrera art\u00edstica; c\u00f3mo una canci\u00f3n puede generar valor en<br>diferentes mercados y formatos a lo largo del tiempo; y c\u00f3mo la gesti\u00f3n colectiva contribuye a proteger ese<br>valor mediante licencias, recaudo, distribuci\u00f3n y cooperaci\u00f3n internacional.<br>En este escenario, el derecho de autor deja de ser una conversaci\u00f3n exclusivamente jur\u00eddica para convertirse<br>en un asunto directamente relacionado con la sostenibilidad econ\u00f3mica de los artistas y compositores. <\/p>\n\n\n\n<p class=\"wp-block-paragraph\">La participaci\u00f3n de SAYCO adquiere especial relevancia porque el panel propone mirar la industria desde una<br>perspectiva que muchas veces queda detr\u00e1s de los grandes \u00e9xitos: la canci\u00f3n como activo creativo y<br>econ\u00f3mico y el autor como protagonista de ese valor.<br>Una canci\u00f3n puede comenzar como una idea, una melod\u00eda o una letra, pero posteriormente puede tener<br>m\u00faltiples vidas: sonar en radio, incorporarse a una producci\u00f3n audiovisual, utilizarse en publicidad,<br>interpretarse en conciertos, reproducirse en espacios p\u00fablicos o alcanzar millones de escuchas en<br>plataformas digitales. Precisamente en 2026, la industria internacional ha intensificado el debate sobre la<br>relaci\u00f3n entre inteligencia artificial, creatividad humana y derecho de autor.<\/p>\n\n\n\n<p class=\"wp-block-paragraph\">Por eso, el encuentro promovido por SAYCO y CISAC busca entregar a las nuevas generaciones de<br>creadores una visi\u00f3n pr\u00e1ctica sobre c\u00f3mo nace una carrera, c\u00f3mo una canci\u00f3n puede generar valor durante<br>a\u00f1os y por qu\u00e9 protegerla desde el comienzo puede marcar la diferencia entre tener una obra y construir una<br>profesi\u00f3n alrededor de ella.<\/p>\n\n\n\n<p class=\"wp-block-paragraph\"><br>M\u00e1s que una charla sobre propiedad intelectual, \u201cEl valor de una canci\u00f3n\u201d plantea una conversaci\u00f3n sobre<br>el futuro de quienes crean m\u00fasica, de acuerdo a Cesar Ahumada, Gerente de SAYCO, quien manifest\u00f3 que<br>\u201cLa discusi\u00f3n resulta especialmente pertinente en una industria donde una canci\u00f3n puede alcanzar<br>audiencias globales en cuesti\u00f3n de horas, pero donde tambi\u00e9n se multiplican los desaf\u00edos relacionados con<br>el reconocimiento de autor\u00edas, los metadatos, las plataformas digitales, la inteligencia artificial, el uso de<br>obras en nuevos formatos y la circulaci\u00f3n internacional de los repertorios. Existe la necesidad de abordar los<br>nuevos desaf\u00edos jur\u00eddicos y de pol\u00edtica p\u00fablica relacionados con la inteligencia artificial y la gesti\u00f3n colectiva\u201d.<br><\/p>\n\n\n\n<p class=\"wp-block-paragraph\">La conversaci\u00f3n ser\u00e1 moderada por Rafael Fari\u00f1as, director regional para Am\u00e9rica Latina y el Caribe de la<br>CISAC, abogado, especialista en propiedad intelectual y doctor en Derecho. El panel contar\u00e1 con cuatro<br>voces que representan diferentes dimensiones de la creaci\u00f3n musical: Adri\u00e0 Salas, l\u00edder y miembro fundador<br>de la banda espa\u00f1ola La Pegatina, quien durante m\u00e1s de dos d\u00e9cadas ha llevado su m\u00fasica a m\u00e1s de 30<br>pa\u00edses; Nicol\u00e1s Uribe, compositor y productor colombiano especializado en m\u00fasica para cine y televisi\u00f3n;<br>Wilfran Castillo, uno de los compositores m\u00e1s reconocidos de la m\u00fasica vallenata, con m\u00e1s de 900 canciones<br>escritas y Fernando Zapata L\u00f3pez, abogado y experto colombiano en derecho de autor, profesor universitario<br>y consultor (OMPI).<br>As\u00ed, la participaci\u00f3n de SAYCO en el BOmm 2026 se convierte en una oportunidad para acercar al<br>ecosistema musical una discusi\u00f3n que ser\u00e1 cada vez m\u00e1s determinante: c\u00f3mo lograr que el crecimiento de<br>la m\u00fasica tambi\u00e9n signifique crecimiento y reconocimiento para quienes la hacen posible:<br>Una canci\u00f3n puede durar tres minutos. Su valor puede durar toda una vida.<\/p>\n","protected":false},"excerpt":{"rendered":"<p>Autores, compositores y artistas se encontrar\u00e1n en Bogot\u00e1 para hablar sobre el valor econ\u00f3mico de lam\u00fasica, la protecci\u00f3n del derecho de autor y el papel de la gesti\u00f3n colectiva en la nueva industria musical. En un momento en el que la industria musical atraviesa una de sus mayores transformaciones, la preguntasobre cu\u00e1nto vale realmente una [&hellip;]<\/p>\n","protected":false},"author":1,"featured_media":17772,"comment_status":"open","ping_status":"closed","sticky":false,"template":"","format":"standard","meta":{"_monsterinsights_skip_tracking":false,"footnotes":""},"categories":[39,37],"tags":[],"class_list":["post-17769","post","type-post","status-publish","format-standard","has-post-thumbnail","hentry","category-arte-y-cultura","category-generales"],"aioseo_notices":[],"aioseo_head":"\n\t\t<!-- All in One SEO 5.0.0.1 - aioseo.com -->\n\t<meta name=\"description\" content=\"Autores, compositores y artistas se encontrar\u00e1n en Bogot\u00e1 para hablar sobre el valor econ\u00f3mico de lam\u00fasica, la protecci\u00f3n del derecho de autor y el papel de la gesti\u00f3n colectiva en la nueva industria musical. En un momento en el que la industria musical atraviesa una de sus mayores transformaciones, la preguntasobre cu\u00e1nto vale realmente una\" \/>\n\t<meta name=\"robots\" content=\"max-image-preview:large\" \/>\n\t<meta name=\"author\" content=\"admccesar\"\/>\n\t<link rel=\"canonical\" href=\"https:\/\/conexioncesar.com\/index.php\/2026\/09\/03\/sayco-plantea-en-el-bomm-2026-una-conversacion-clave-como-convertir-una-cancion-en-una-carrera-sostenible\/\" \/>\n\t<meta name=\"generator\" content=\"All in One SEO (AIOSEO) 5.0.0.1\" \/>\n\t\t<meta property=\"og:locale\" content=\"es_ES\" \/>\n\t\t<meta property=\"og:site_name\" content=\"Conexi\u00f3n Cesar - Portal web\" \/>\n\t\t<meta property=\"og:type\" content=\"article\" \/>\n\t\t<meta property=\"og:title\" content=\"SAYCO plantea en el BOmm 2026 una conversaci\u00f3n clave: c\u00f3mo convertir una canci\u00f3n en una carrera sostenible - Conexi\u00f3n Cesar\" \/>\n\t\t<meta property=\"og:description\" content=\"Autores, compositores y artistas se encontrar\u00e1n en Bogot\u00e1 para hablar sobre el valor econ\u00f3mico de lam\u00fasica, la protecci\u00f3n del derecho de autor y el papel de la gesti\u00f3n colectiva en la nueva industria musical. En un momento en el que la industria musical atraviesa una de sus mayores transformaciones, la preguntasobre cu\u00e1nto vale realmente una\" \/>\n\t\t<meta property=\"og:url\" content=\"https:\/\/conexioncesar.com\/index.php\/2026\/09\/03\/sayco-plantea-en-el-bomm-2026-una-conversacion-clave-como-convertir-una-cancion-en-una-carrera-sostenible\/\" \/>\n\t\t<meta property=\"og:image\" content=\"https:\/\/conexioncesar.com\/wp-content\/uploads\/2026\/09\/WhatsApp-Image-2026-09-03-at-5.25.02-PM-1-e1788475675907.jpeg\" \/>\n\t\t<meta property=\"og:image:secure_url\" content=\"https:\/\/conexioncesar.com\/wp-content\/uploads\/2026\/09\/WhatsApp-Image-2026-09-03-at-5.25.02-PM-1-e1788475675907.jpeg\" \/>\n\t\t<meta property=\"og:image:width\" content=\"490\" \/>\n\t\t<meta property=\"og:image:height\" content=\"813\" \/>\n\t\t<meta property=\"article:published_time\" content=\"2026-09-03T22:48:18+00:00\" \/>\n\t\t<meta property=\"article:modified_time\" content=\"2026-09-03T22:48:19+00:00\" \/>\n\t\t<meta property=\"article:publisher\" content=\"https:\/\/www.facebook.com\/profile.php?id=100083593141068\" \/>\n\t\t<meta name=\"twitter:card\" content=\"summary\" \/>\n\t\t<meta name=\"twitter:title\" content=\"SAYCO plantea en el BOmm 2026 una conversaci\u00f3n clave: c\u00f3mo convertir una canci\u00f3n en una carrera sostenible - Conexi\u00f3n Cesar\" \/>\n\t\t<meta name=\"twitter:description\" content=\"Autores, compositores y artistas se encontrar\u00e1n en Bogot\u00e1 para hablar sobre el valor econ\u00f3mico de lam\u00fasica, la protecci\u00f3n del derecho de autor y el papel de la gesti\u00f3n colectiva en la nueva industria musical. En un momento en el que la industria musical atraviesa una de sus mayores transformaciones, la preguntasobre cu\u00e1nto vale realmente una\" \/>\n\t\t<meta name=\"twitter:image\" content=\"https:\/\/conexioncesar.com\/wp-content\/uploads\/2026\/09\/WhatsApp-Image-2026-09-03-at-5.25.02-PM-1-e1788475675907.jpeg\" \/>\n\t\t<script type=\"application\/ld+json\" class=\"aioseo-schema\">\n\t\t\t{\"@context\":\"https:\\\/\\\/schema.org\",\"@graph\":[{\"@type\":\"BlogPosting\",\"@id\":\"https:\\\/\\\/conexioncesar.com\\\/index.php\\\/2026\\\/09\\\/03\\\/sayco-plantea-en-el-bomm-2026-una-conversacion-clave-como-convertir-una-cancion-en-una-carrera-sostenible\\\/#blogposting\",\"name\":\"SAYCO plantea en el BOmm 2026 una conversaci\\u00f3n clave: c\\u00f3mo convertir una canci\\u00f3n en una carrera sostenible - Conexi\\u00f3n Cesar\",\"headline\":\"SAYCO plantea en el BOmm 2026 una conversaci\\u00f3n clave: c\\u00f3mo convertir una canci\\u00f3n en una carrera sostenible\",\"author\":{\"@id\":\"https:\\\/\\\/conexioncesar.com\\\/index.php\\\/author\\\/admccesar\\\/#author\"},\"publisher\":{\"@id\":\"https:\\\/\\\/conexioncesar.com\\\/#organization\"},\"image\":{\"@type\":\"ImageObject\",\"url\":\"https:\\\/\\\/conexioncesar.com\\\/wp-content\\\/uploads\\\/2026\\\/09\\\/WhatsApp-Image-2026-09-03-at-5.25.02-PM-1-e1788475675907.jpeg\",\"width\":490,\"height\":813},\"datePublished\":\"2026-09-03T17:48:18-05:00\",\"dateModified\":\"2026-09-03T17:48:19-05:00\",\"inLanguage\":\"es-CO\",\"mainEntityOfPage\":{\"@id\":\"https:\\\/\\\/conexioncesar.com\\\/index.php\\\/2026\\\/09\\\/03\\\/sayco-plantea-en-el-bomm-2026-una-conversacion-clave-como-convertir-una-cancion-en-una-carrera-sostenible\\\/#webpage\"},\"isPartOf\":{\"@id\":\"https:\\\/\\\/conexioncesar.com\\\/index.php\\\/2026\\\/09\\\/03\\\/sayco-plantea-en-el-bomm-2026-una-conversacion-clave-como-convertir-una-cancion-en-una-carrera-sostenible\\\/#webpage\"},\"articleSection\":\"Arte y cultura, Generales\"},{\"@type\":\"BreadcrumbList\",\"@id\":\"https:\\\/\\\/conexioncesar.com\\\/index.php\\\/2026\\\/09\\\/03\\\/sayco-plantea-en-el-bomm-2026-una-conversacion-clave-como-convertir-una-cancion-en-una-carrera-sostenible\\\/#breadcrumblist\",\"itemListElement\":[{\"@type\":\"ListItem\",\"@id\":\"https:\\\/\\\/conexioncesar.com#listItem\",\"position\":1,\"name\":\"Home\",\"item\":\"https:\\\/\\\/conexioncesar.com\",\"nextItem\":{\"@type\":\"ListItem\",\"@id\":\"https:\\\/\\\/conexioncesar.com\\\/index.php\\\/category\\\/generales\\\/#listItem\",\"name\":\"Generales\"}},{\"@type\":\"ListItem\",\"@id\":\"https:\\\/\\\/conexioncesar.com\\\/index.php\\\/category\\\/generales\\\/#listItem\",\"position\":2,\"name\":\"Generales\",\"item\":\"https:\\\/\\\/conexioncesar.com\\\/index.php\\\/category\\\/generales\\\/\",\"nextItem\":{\"@type\":\"ListItem\",\"@id\":\"https:\\\/\\\/conexioncesar.com\\\/index.php\\\/2026\\\/09\\\/03\\\/sayco-plantea-en-el-bomm-2026-una-conversacion-clave-como-convertir-una-cancion-en-una-carrera-sostenible\\\/#listItem\",\"name\":\"SAYCO plantea en el BOmm 2026 una conversaci\\u00f3n clave: c\\u00f3mo convertir una canci\\u00f3n en una carrera sostenible\"},\"previousItem\":{\"@type\":\"ListItem\",\"@id\":\"https:\\\/\\\/conexioncesar.com#listItem\",\"name\":\"Home\"}},{\"@type\":\"ListItem\",\"@id\":\"https:\\\/\\\/conexioncesar.com\\\/index.php\\\/2026\\\/09\\\/03\\\/sayco-plantea-en-el-bomm-2026-una-conversacion-clave-como-convertir-una-cancion-en-una-carrera-sostenible\\\/#listItem\",\"position\":3,\"name\":\"SAYCO plantea en el BOmm 2026 una conversaci\\u00f3n clave: c\\u00f3mo convertir una canci\\u00f3n en una carrera sostenible\",\"previousItem\":{\"@type\":\"ListItem\",\"@id\":\"https:\\\/\\\/conexioncesar.com\\\/index.php\\\/category\\\/generales\\\/#listItem\",\"name\":\"Generales\"}}]},{\"@type\":\"Organization\",\"@id\":\"https:\\\/\\\/conexioncesar.com\\\/#organization\",\"name\":\"Conexi\\u00f3n Cesar\",\"description\":\"Portal web\",\"url\":\"https:\\\/\\\/conexioncesar.com\\\/\",\"sameAs\":[\"https:\\\/\\\/www.facebook.com\\\/profile.php?id=100083593141068\",\"https:\\\/\\\/www.instagram.com\\\/conexioncesar?utm_source=ig_web_button_share_sheet&igsh=ZDNlZDc0MzIxNw==\",\"https:\\\/\\\/youtube.com\\\/@conexioncesar7309?si=sCv5WiO1fXEwkkYN\"]},{\"@type\":\"Person\",\"@id\":\"https:\\\/\\\/conexioncesar.com\\\/index.php\\\/author\\\/admccesar\\\/#author\",\"url\":\"https:\\\/\\\/conexioncesar.com\\\/index.php\\\/author\\\/admccesar\\\/\",\"name\":\"admccesar\",\"image\":{\"@type\":\"ImageObject\",\"@id\":\"https:\\\/\\\/conexioncesar.com\\\/index.php\\\/2026\\\/09\\\/03\\\/sayco-plantea-en-el-bomm-2026-una-conversacion-clave-como-convertir-una-cancion-en-una-carrera-sostenible\\\/#authorImage\",\"url\":\"https:\\\/\\\/secure.gravatar.com\\\/avatar\\\/bb14dc25bee5fd97148f651b904985f4508c0095d63e0eda456a03a8872a484e?s=96&d=mm&r=g\",\"width\":96,\"height\":96,\"caption\":\"admccesar\"}},{\"@type\":\"WebPage\",\"@id\":\"https:\\\/\\\/conexioncesar.com\\\/index.php\\\/2026\\\/09\\\/03\\\/sayco-plantea-en-el-bomm-2026-una-conversacion-clave-como-convertir-una-cancion-en-una-carrera-sostenible\\\/#webpage\",\"url\":\"https:\\\/\\\/conexioncesar.com\\\/index.php\\\/2026\\\/09\\\/03\\\/sayco-plantea-en-el-bomm-2026-una-conversacion-clave-como-convertir-una-cancion-en-una-carrera-sostenible\\\/\",\"name\":\"SAYCO plantea en el BOmm 2026 una conversaci\\u00f3n clave: c\\u00f3mo convertir una canci\\u00f3n en una carrera sostenible - Conexi\\u00f3n Cesar\",\"description\":\"Autores, compositores y artistas se encontrar\\u00e1n en Bogot\\u00e1 para hablar sobre el valor econ\\u00f3mico de lam\\u00fasica, la protecci\\u00f3n del derecho de autor y el papel de la gesti\\u00f3n colectiva en la nueva industria musical. En un momento en el que la industria musical atraviesa una de sus mayores transformaciones, la preguntasobre cu\\u00e1nto vale realmente una\",\"inLanguage\":\"es-CO\",\"isPartOf\":{\"@id\":\"https:\\\/\\\/conexioncesar.com\\\/#website\"},\"breadcrumb\":{\"@id\":\"https:\\\/\\\/conexioncesar.com\\\/index.php\\\/2026\\\/09\\\/03\\\/sayco-plantea-en-el-bomm-2026-una-conversacion-clave-como-convertir-una-cancion-en-una-carrera-sostenible\\\/#breadcrumblist\"},\"author\":{\"@id\":\"https:\\\/\\\/conexioncesar.com\\\/index.php\\\/author\\\/admccesar\\\/#author\"},\"creator\":{\"@id\":\"https:\\\/\\\/conexioncesar.com\\\/index.php\\\/author\\\/admccesar\\\/#author\"},\"image\":{\"@type\":\"ImageObject\",\"url\":\"https:\\\/\\\/conexioncesar.com\\\/wp-content\\\/uploads\\\/2026\\\/09\\\/WhatsApp-Image-2026-09-03-at-5.25.02-PM-1-e1788475675907.jpeg\",\"@id\":\"https:\\\/\\\/conexioncesar.com\\\/index.php\\\/2026\\\/09\\\/03\\\/sayco-plantea-en-el-bomm-2026-una-conversacion-clave-como-convertir-una-cancion-en-una-carrera-sostenible\\\/#mainImage\",\"width\":490,\"height\":813},\"primaryImageOfPage\":{\"@id\":\"https:\\\/\\\/conexioncesar.com\\\/index.php\\\/2026\\\/09\\\/03\\\/sayco-plantea-en-el-bomm-2026-una-conversacion-clave-como-convertir-una-cancion-en-una-carrera-sostenible\\\/#mainImage\"},\"datePublished\":\"2026-09-03T17:48:18-05:00\",\"dateModified\":\"2026-09-03T17:48:19-05:00\"},{\"@type\":\"WebSite\",\"@id\":\"https:\\\/\\\/conexioncesar.com\\\/#website\",\"url\":\"https:\\\/\\\/conexioncesar.com\\\/\",\"name\":\"Conexi\\u00f3n Cesar\",\"description\":\"Portal web\",\"inLanguage\":\"es-CO\",\"publisher\":{\"@id\":\"https:\\\/\\\/conexioncesar.com\\\/#organization\"}}]}\n\t\t<\/script>\n\t\t<!-- All in One SEO -->\n\n","aioseo_head_json":{"title":"SAYCO plantea en el BOmm 2026 una conversaci\u00f3n clave: c\u00f3mo convertir una canci\u00f3n en una carrera sostenible - Conexi\u00f3n Cesar","description":"Autores, compositores y artistas se encontrar\u00e1n en Bogot\u00e1 para hablar sobre el valor econ\u00f3mico de lam\u00fasica, la protecci\u00f3n del derecho de autor y el papel de la gesti\u00f3n colectiva en la nueva industria musical. En un momento en el que la industria musical atraviesa una de sus mayores transformaciones, la preguntasobre cu\u00e1nto vale realmente una","canonical_url":"https:\/\/conexioncesar.com\/index.php\/2026\/09\/03\/sayco-plantea-en-el-bomm-2026-una-conversacion-clave-como-convertir-una-cancion-en-una-carrera-sostenible\/","robots":"max-image-preview:large","keywords":"","webmasterTools":{"miscellaneous":""},"schema":{"@context":"https:\/\/schema.org","@graph":[{"@type":"BlogPosting","@id":"https:\/\/conexioncesar.com\/index.php\/2026\/09\/03\/sayco-plantea-en-el-bomm-2026-una-conversacion-clave-como-convertir-una-cancion-en-una-carrera-sostenible\/#blogposting","name":"SAYCO plantea en el BOmm 2026 una conversaci\u00f3n clave: c\u00f3mo convertir una canci\u00f3n en una carrera sostenible - Conexi\u00f3n Cesar","headline":"SAYCO plantea en el BOmm 2026 una conversaci\u00f3n clave: c\u00f3mo convertir una canci\u00f3n en una carrera sostenible","author":{"@id":"https:\/\/conexioncesar.com\/index.php\/author\/admccesar\/#author"},"publisher":{"@id":"https:\/\/conexioncesar.com\/#organization"},"image":{"@type":"ImageObject","url":"https:\/\/conexioncesar.com\/wp-content\/uploads\/2026\/09\/WhatsApp-Image-2026-09-03-at-5.25.02-PM-1-e1788475675907.jpeg","width":490,"height":813},"datePublished":"2026-09-03T17:48:18-05:00","dateModified":"2026-09-03T17:48:19-05:00","inLanguage":"es-CO","mainEntityOfPage":{"@id":"https:\/\/conexioncesar.com\/index.php\/2026\/09\/03\/sayco-plantea-en-el-bomm-2026-una-conversacion-clave-como-convertir-una-cancion-en-una-carrera-sostenible\/#webpage"},"isPartOf":{"@id":"https:\/\/conexioncesar.com\/index.php\/2026\/09\/03\/sayco-plantea-en-el-bomm-2026-una-conversacion-clave-como-convertir-una-cancion-en-una-carrera-sostenible\/#webpage"},"articleSection":"Arte y cultura, Generales"},{"@type":"BreadcrumbList","@id":"https:\/\/conexioncesar.com\/index.php\/2026\/09\/03\/sayco-plantea-en-el-bomm-2026-una-conversacion-clave-como-convertir-una-cancion-en-una-carrera-sostenible\/#breadcrumblist","itemListElement":[{"@type":"ListItem","@id":"https:\/\/conexioncesar.com#listItem","position":1,"name":"Home","item":"https:\/\/conexioncesar.com","nextItem":{"@type":"ListItem","@id":"https:\/\/conexioncesar.com\/index.php\/category\/generales\/#listItem","name":"Generales"}},{"@type":"ListItem","@id":"https:\/\/conexioncesar.com\/index.php\/category\/generales\/#listItem","position":2,"name":"Generales","item":"https:\/\/conexioncesar.com\/index.php\/category\/generales\/","nextItem":{"@type":"ListItem","@id":"https:\/\/conexioncesar.com\/index.php\/2026\/09\/03\/sayco-plantea-en-el-bomm-2026-una-conversacion-clave-como-convertir-una-cancion-en-una-carrera-sostenible\/#listItem","name":"SAYCO plantea en el BOmm 2026 una conversaci\u00f3n clave: c\u00f3mo convertir una canci\u00f3n en una carrera sostenible"},"previousItem":{"@type":"ListItem","@id":"https:\/\/conexioncesar.com#listItem","name":"Home"}},{"@type":"ListItem","@id":"https:\/\/conexioncesar.com\/index.php\/2026\/09\/03\/sayco-plantea-en-el-bomm-2026-una-conversacion-clave-como-convertir-una-cancion-en-una-carrera-sostenible\/#listItem","position":3,"name":"SAYCO plantea en el BOmm 2026 una conversaci\u00f3n clave: c\u00f3mo convertir una canci\u00f3n en una carrera sostenible","previousItem":{"@type":"ListItem","@id":"https:\/\/conexioncesar.com\/index.php\/category\/generales\/#listItem","name":"Generales"}}]},{"@type":"Organization","@id":"https:\/\/conexioncesar.com\/#organization","name":"Conexi\u00f3n Cesar","description":"Portal web","url":"https:\/\/conexioncesar.com\/","sameAs":["https:\/\/www.facebook.com\/profile.php?id=100083593141068","https:\/\/www.instagram.com\/conexioncesar?utm_source=ig_web_button_share_sheet&igsh=ZDNlZDc0MzIxNw==","https:\/\/youtube.com\/@conexioncesar7309?si=sCv5WiO1fXEwkkYN"]},{"@type":"Person","@id":"https:\/\/conexioncesar.com\/index.php\/author\/admccesar\/#author","url":"https:\/\/conexioncesar.com\/index.php\/author\/admccesar\/","name":"admccesar","image":{"@type":"ImageObject","@id":"https:\/\/conexioncesar.com\/index.php\/2026\/09\/03\/sayco-plantea-en-el-bomm-2026-una-conversacion-clave-como-convertir-una-cancion-en-una-carrera-sostenible\/#authorImage","url":"https:\/\/secure.gravatar.com\/avatar\/bb14dc25bee5fd97148f651b904985f4508c0095d63e0eda456a03a8872a484e?s=96&d=mm&r=g","width":96,"height":96,"caption":"admccesar"}},{"@type":"WebPage","@id":"https:\/\/conexioncesar.com\/index.php\/2026\/09\/03\/sayco-plantea-en-el-bomm-2026-una-conversacion-clave-como-convertir-una-cancion-en-una-carrera-sostenible\/#webpage","url":"https:\/\/conexioncesar.com\/index.php\/2026\/09\/03\/sayco-plantea-en-el-bomm-2026-una-conversacion-clave-como-convertir-una-cancion-en-una-carrera-sostenible\/","name":"SAYCO plantea en el BOmm 2026 una conversaci\u00f3n clave: c\u00f3mo convertir una canci\u00f3n en una carrera sostenible - Conexi\u00f3n Cesar","description":"Autores, compositores y artistas se encontrar\u00e1n en Bogot\u00e1 para hablar sobre el valor econ\u00f3mico de lam\u00fasica, la protecci\u00f3n del derecho de autor y el papel de la gesti\u00f3n colectiva en la nueva industria musical. En un momento en el que la industria musical atraviesa una de sus mayores transformaciones, la preguntasobre cu\u00e1nto vale realmente una","inLanguage":"es-CO","isPartOf":{"@id":"https:\/\/conexioncesar.com\/#website"},"breadcrumb":{"@id":"https:\/\/conexioncesar.com\/index.php\/2026\/09\/03\/sayco-plantea-en-el-bomm-2026-una-conversacion-clave-como-convertir-una-cancion-en-una-carrera-sostenible\/#breadcrumblist"},"author":{"@id":"https:\/\/conexioncesar.com\/index.php\/author\/admccesar\/#author"},"creator":{"@id":"https:\/\/conexioncesar.com\/index.php\/author\/admccesar\/#author"},"image":{"@type":"ImageObject","url":"https:\/\/conexioncesar.com\/wp-content\/uploads\/2026\/09\/WhatsApp-Image-2026-09-03-at-5.25.02-PM-1-e1788475675907.jpeg","@id":"https:\/\/conexioncesar.com\/index.php\/2026\/09\/03\/sayco-plantea-en-el-bomm-2026-una-conversacion-clave-como-convertir-una-cancion-en-una-carrera-sostenible\/#mainImage","width":490,"height":813},"primaryImageOfPage":{"@id":"https:\/\/conexioncesar.com\/index.php\/2026\/09\/03\/sayco-plantea-en-el-bomm-2026-una-conversacion-clave-como-convertir-una-cancion-en-una-carrera-sostenible\/#mainImage"},"datePublished":"2026-09-03T17:48:18-05:00","dateModified":"2026-09-03T17:48:19-05:00"},{"@type":"WebSite","@id":"https:\/\/conexioncesar.com\/#website","url":"https:\/\/conexioncesar.com\/","name":"Conexi\u00f3n Cesar","description":"Portal web","inLanguage":"es-CO","publisher":{"@id":"https:\/\/conexioncesar.com\/#organization"}}]},"og:locale":"es_ES","og:site_name":"Conexi\u00f3n Cesar - Portal web","og:type":"article","og:title":"SAYCO plantea en el BOmm 2026 una conversaci\u00f3n clave: c\u00f3mo convertir una canci\u00f3n en una carrera sostenible - Conexi\u00f3n Cesar","og:description":"Autores, compositores y artistas se encontrar\u00e1n en Bogot\u00e1 para hablar sobre el valor econ\u00f3mico de lam\u00fasica, la protecci\u00f3n del derecho de autor y el papel de la gesti\u00f3n colectiva en la nueva industria musical. En un momento en el que la industria musical atraviesa una de sus mayores transformaciones, la preguntasobre cu\u00e1nto vale realmente una","og:url":"https:\/\/conexioncesar.com\/index.php\/2026\/09\/03\/sayco-plantea-en-el-bomm-2026-una-conversacion-clave-como-convertir-una-cancion-en-una-carrera-sostenible\/","og:image":"https:\/\/conexioncesar.com\/wp-content\/uploads\/2026\/09\/WhatsApp-Image-2026-09-03-at-5.25.02-PM-1-e1788475675907.jpeg","og:image:secure_url":"https:\/\/conexioncesar.com\/wp-content\/uploads\/2026\/09\/WhatsApp-Image-2026-09-03-at-5.25.02-PM-1-e1788475675907.jpeg","og:image:width":490,"og:image:height":813,"article:published_time":"2026-09-03T22:48:18+00:00","article:modified_time":"2026-09-03T22:48:19+00:00","article:publisher":"https:\/\/www.facebook.com\/profile.php?id=100083593141068","twitter:card":"summary","twitter:title":"SAYCO plantea en el BOmm 2026 una conversaci\u00f3n clave: c\u00f3mo convertir una canci\u00f3n en una carrera sostenible - Conexi\u00f3n Cesar","twitter:description":"Autores, compositores y artistas se encontrar\u00e1n en Bogot\u00e1 para hablar sobre el valor econ\u00f3mico de lam\u00fasica, la protecci\u00f3n del derecho de autor y el papel de la gesti\u00f3n colectiva en la nueva industria musical. En un momento en el que la industria musical atraviesa una de sus mayores transformaciones, la preguntasobre cu\u00e1nto vale realmente una","twitter:image":"https:\/\/conexioncesar.com\/wp-content\/uploads\/2026\/09\/WhatsApp-Image-2026-09-03-at-5.25.02-PM-1-e1788475675907.jpeg"},"aioseo_meta_data":{"post_id":"17769","title":null,"description":null,"keywords":null,"keyphrases":{"focus":{"keyphrase":"","score":0,"analysis":{"keyphraseInTitle":{"score":0,"maxScore":9,"error":1}}},"additional":[]},"primary_term":null,"canonical_url":null,"og_title":null,"og_description":null,"og_object_type":"default","og_image_type":"default","og_image_url":null,"og_image_width":null,"og_image_height":null,"og_image_custom_url":null,"og_image_custom_fields":null,"og_video":"","og_custom_url":null,"og_article_section":null,"og_article_tags":null,"twitter_use_og":false,"twitter_card":"default","twitter_image_type":"default","twitter_image_url":null,"twitter_image_custom_url":null,"twitter_image_custom_fields":null,"twitter_title":null,"twitter_description":null,"schema":{"blockGraphs":[],"customGraphs":[],"default":{"data":{"Article":[],"Course":[],"Dataset":[],"FAQPage":[],"Movie":[],"Person":[],"Product":[],"ProductReview":[],"Car":[],"Recipe":[],"Service":[],"SoftwareApplication":[],"WebPage":[]},"graphName":"BlogPosting","isEnabled":true},"graphs":[]},"schema_type":"default","schema_type_options":null,"pillar_content":false,"robots_default":true,"robots_noindex":false,"robots_noarchive":false,"robots_nosnippet":false,"robots_nofollow":false,"robots_noimageindex":false,"robots_noodp":false,"robots_notranslate":false,"robots_max_snippet":"-1","robots_max_videopreview":"-1","robots_max_imagepreview":"large","priority":null,"frequency":"default","local_seo":null,"breadcrumb_settings":null,"limit_modified_date":false,"ai":{"faqs":[],"keyPoints":[],"schemas":[],"titles":[],"descriptions":[],"socialPosts":{"email":{"subject":"","preview":"","content":""},"linkedin":[],"twitter":[],"facebook":[],"instagram":[]}},"created":"2026-09-03 22:48:19","updated":"2026-09-03 22:48:19","focus_keyword":null,"additional_keywords":null,"truseo_locale":null,"seo_analyzer_scan_date":null},"aioseo_breadcrumb":"<div class=\"aioseo-breadcrumbs\"><span class=\"aioseo-breadcrumb\">\n\t\t\t<a href=\"https:\/\/conexioncesar.com\" title=\"Home\">Home<\/a>\n\t\t<\/span><span class=\"aioseo-breadcrumb-separator\">&raquo;<\/span><span class=\"aioseo-breadcrumb\">\n\t\t\t<a href=\"https:\/\/conexioncesar.com\/index.php\/category\/generales\/\" title=\"Generales\">Generales<\/a>\n\t\t<\/span><span class=\"aioseo-breadcrumb-separator\">&raquo;<\/span><span class=\"aioseo-breadcrumb\">\n\t\t\tSAYCO plantea en el BOmm 2026 una conversaci\u00f3n clave: c\u00f3mo convertir una canci\u00f3n en una carrera sostenible\n\t\t<\/span><\/div>","aioseo_breadcrumb_json":[{"label":"Home","link":"https:\/\/conexioncesar.com"},{"label":"Generales","link":"https:\/\/conexioncesar.com\/index.php\/category\/generales\/"},{"label":"SAYCO plantea en el BOmm 2026 una conversaci\u00f3n clave: c\u00f3mo convertir una canci\u00f3n en una carrera sostenible","link":"https:\/\/conexioncesar.com\/index.php\/2026\/09\/03\/sayco-plantea-en-el-bomm-2026-una-conversacion-clave-como-convertir-una-cancion-en-una-carrera-sostenible\/"}],"jetpack_featured_media_url":"https:\/\/conexioncesar.com\/wp-content\/uploads\/2026\/09\/WhatsApp-Image-2026-09-03-at-5.25.02-PM-1-e1788475675907.jpeg","_links":{"self":[{"href":"https:\/\/conexioncesar.com\/index.php\/wp-json\/wp\/v2\/posts\/17769","targetHints":{"allow":["GET"]}}],"collection":[{"href":"https:\/\/conexioncesar.com\/index.php\/wp-json\/wp\/v2\/posts"}],"about":[{"href":"https:\/\/conexioncesar.com\/index.php\/wp-json\/wp\/v2\/types\/post"}],"author":[{"embeddable":true,"href":"https:\/\/conexioncesar.com\/index.php\/wp-json\/wp\/v2\/users\/1"}],"replies":[{"embeddable":true,"href":"https:\/\/conexioncesar.com\/index.php\/wp-json\/wp\/v2\/comments?post=17769"}],"version-history":[{"count":1,"href":"https:\/\/conexioncesar.com\/index.php\/wp-json\/wp\/v2\/posts\/17769\/revisions"}],"predecessor-version":[{"id":17773,"href":"https:\/\/conexioncesar.com\/index.php\/wp-json\/wp\/v2\/posts\/17769\/revisions\/17773"}],"wp:featuredmedia":[{"embeddable":true,"href":"https:\/\/conexioncesar.com\/index.php\/wp-json\/wp\/v2\/media\/17772"}],"wp:attachment":[{"href":"https:\/\/conexioncesar.com\/index.php\/wp-json\/wp\/v2\/media?parent=17769"}],"wp:term":[{"taxonomy":"category","embeddable":true,"href":"https:\/\/conexioncesar.com\/index.php\/wp-json\/wp\/v2\/categories?post=17769"},{"taxonomy":"post_tag","embeddable":true,"href":"https:\/\/conexioncesar.com\/index.php\/wp-json\/wp\/v2\/tags?post=17769"}],"curies":[{"name":"wp","href":"https:\/\/api.w.org\/{rel}","templated":true}]}}