{"id":7189,"date":"2023-06-09T09:55:30","date_gmt":"2023-06-09T14:55:30","guid":{"rendered":"https:\/\/www.conexioncesar.com\/?p=7189"},"modified":"2023-06-09T09:55:34","modified_gmt":"2023-06-09T14:55:34","slug":"reflexiones-en-un-atardecer","status":"publish","type":"post","link":"https:\/\/conexioncesar.com\/index.php\/2023\/06\/09\/reflexiones-en-un-atardecer\/","title":{"rendered":"Reflexiones en un Atardecer"},"content":{"rendered":"\n<p class=\"wp-block-paragraph\">Por:Eduardo Pertuz<\/p>\n\n\n\n<p class=\"wp-block-paragraph\">Un atardecer nos recuerda lo ef\u00edmeros que somos. El Planeta Tierra tiene 4,54 mil millones de a\u00f1os, con sus amaneceres y crep\u00fasculos.<\/p>\n\n\n\n<p class=\"wp-block-paragraph\">El ser humano promedio dura 80 a\u00f1os, \u00bfcu\u00e1ntos disfrutamos de esta belleza natural?, a veces estamos distra\u00eddos por cosas que no tienen sentido.&nbsp;<\/p>\n\n\n\n<p class=\"wp-block-paragraph\">Los multicolores suaves y c\u00e1lidos nos demuestran que la belleza tambi\u00e9n puede estar en lo simple de un paisaje.<\/p>\n\n\n\n<p class=\"wp-block-paragraph\">Nos invita y nos recuerda que cada d\u00eda es una oportunidad para empezar de nuevo. Ma\u00f1ana estar\u00e1 el sol ah\u00ed, de nosotros no se sabe, confiamos en que s\u00ed.\u00a0<br><\/p>\n\n\n\n<figure class=\"wp-block-image size-large\"><img fetchpriority=\"high\" decoding=\"async\" width=\"1024\" height=\"576\" src=\"https:\/\/www.conexioncesar.com\/wp-content\/uploads\/2023\/06\/E8B11D34-EF20-4E0F-93E0-9D47237E5FC0-1024x576.jpeg\" alt=\"\" class=\"wp-image-7190\" srcset=\"https:\/\/conexioncesar.com\/wp-content\/uploads\/2023\/06\/E8B11D34-EF20-4E0F-93E0-9D47237E5FC0-1024x576.jpeg 1024w, https:\/\/conexioncesar.com\/wp-content\/uploads\/2023\/06\/E8B11D34-EF20-4E0F-93E0-9D47237E5FC0-300x169.jpeg 300w, https:\/\/conexioncesar.com\/wp-content\/uploads\/2023\/06\/E8B11D34-EF20-4E0F-93E0-9D47237E5FC0-768x432.jpeg 768w, https:\/\/conexioncesar.com\/wp-content\/uploads\/2023\/06\/E8B11D34-EF20-4E0F-93E0-9D47237E5FC0-1536x864.jpeg 1536w, https:\/\/conexioncesar.com\/wp-content\/uploads\/2023\/06\/E8B11D34-EF20-4E0F-93E0-9D47237E5FC0.jpeg 1600w\" sizes=\"(max-width: 1024px) 100vw, 1024px\" \/><\/figure>\n\n\n\n<p class=\"wp-block-paragraph\">Contemplar todas estas maravillas, nos conecta con el mundo natural, con el cosmos, y si estamos \u201cdespiertos\u201d comprenderemos que somos parte de algo que no podemos siquiera imaginar, un universo infinito.&nbsp;<\/p>\n\n\n\n<p class=\"wp-block-paragraph\">En momentos de tribulaci\u00f3n y dificultades, este espacio de contemplaci\u00f3n nos invita a estar agradecidos. Hermosos colores y tranquilidad nos brinda la naturaleza y gratis, por dem\u00e1s.\u00a0<br><\/p>\n\n\n\n<figure class=\"wp-block-video\"><video height=\"264\" style=\"aspect-ratio: 480 \/ 264;\" width=\"480\" controls src=\"https:\/\/www.conexioncesar.com\/wp-content\/uploads\/2023\/06\/trim.DF0E2018-2B4C-4FE9-B2CA-51BB0DEECD1E.mov\"><\/video><\/figure>\n\n\n\n<p class=\"wp-block-paragraph\">Solo es cuesti\u00f3n de levantar la vista, soltar las ataduras mentales y cederle paso al solaz y a las bienaventuranzas.<\/p>\n","protected":false},"excerpt":{"rendered":"<p>Por:Eduardo Pertuz Un atardecer nos recuerda lo ef\u00edmeros que somos. El Planeta Tierra tiene 4,54 mil millones de a\u00f1os, con sus amaneceres y crep\u00fasculos. El ser humano promedio dura 80 a\u00f1os, \u00bfcu\u00e1ntos disfrutamos de esta belleza natural?, a veces estamos distra\u00eddos por cosas que no tienen sentido.&nbsp; Los multicolores suaves y c\u00e1lidos nos demuestran que [&hellip;]<\/p>\n","protected":false},"author":1,"featured_media":7191,"comment_status":"open","ping_status":"closed","sticky":false,"template":"","format":"standard","meta":{"_monsterinsights_skip_tracking":false,"footnotes":""},"categories":[46],"tags":[],"class_list":["post-7189","post","type-post","status-publish","format-standard","has-post-thumbnail","hentry","category-podcast-opinion"],"aioseo_notices":[],"aioseo_head":"\n\t\t<!-- All in One SEO 5.0.0.1 - aioseo.com -->\n\t<meta name=\"description\" content=\"Por:Eduardo Pertuz Un atardecer nos recuerda lo ef\u00edmeros que somos. El Planeta Tierra tiene 4,54 mil millones de a\u00f1os, con sus amaneceres y crep\u00fasculos. El ser humano promedio dura 80 a\u00f1os, \u00bfcu\u00e1ntos disfrutamos de esta belleza natural?, a veces estamos distra\u00eddos por cosas que no tienen sentido. Los multicolores suaves y c\u00e1lidos nos demuestran que\" \/>\n\t<meta name=\"robots\" content=\"max-image-preview:large\" \/>\n\t<meta name=\"author\" content=\"admccesar\"\/>\n\t<link rel=\"canonical\" href=\"https:\/\/conexioncesar.com\/index.php\/2023\/06\/09\/reflexiones-en-un-atardecer\/\" \/>\n\t<meta name=\"generator\" content=\"All in One SEO (AIOSEO) 5.0.0.1\" \/>\n\t\t<meta property=\"og:locale\" content=\"es_ES\" \/>\n\t\t<meta property=\"og:site_name\" content=\"Conexi\u00f3n Cesar - Portal web\" \/>\n\t\t<meta property=\"og:type\" content=\"article\" \/>\n\t\t<meta property=\"og:title\" content=\"Reflexiones en un Atardecer - Conexi\u00f3n Cesar\" \/>\n\t\t<meta property=\"og:description\" content=\"Por:Eduardo Pertuz Un atardecer nos recuerda lo ef\u00edmeros que somos. El Planeta Tierra tiene 4,54 mil millones de a\u00f1os, con sus amaneceres y crep\u00fasculos. El ser humano promedio dura 80 a\u00f1os, \u00bfcu\u00e1ntos disfrutamos de esta belleza natural?, a veces estamos distra\u00eddos por cosas que no tienen sentido. Los multicolores suaves y c\u00e1lidos nos demuestran que\" \/>\n\t\t<meta property=\"og:url\" content=\"https:\/\/conexioncesar.com\/index.php\/2023\/06\/09\/reflexiones-en-un-atardecer\/\" \/>\n\t\t<meta property=\"og:image\" content=\"https:\/\/conexioncesar.com\/wp-content\/uploads\/2023\/06\/42DBB426-8964-4CB1-B860-212CB2058702.jpeg\" \/>\n\t\t<meta property=\"og:image:secure_url\" content=\"https:\/\/conexioncesar.com\/wp-content\/uploads\/2023\/06\/42DBB426-8964-4CB1-B860-212CB2058702.jpeg\" \/>\n\t\t<meta property=\"og:image:width\" content=\"1600\" \/>\n\t\t<meta property=\"og:image:height\" content=\"900\" \/>\n\t\t<meta property=\"article:published_time\" content=\"2023-06-09T14:55:30+00:00\" \/>\n\t\t<meta property=\"article:modified_time\" content=\"2023-06-09T14:55:34+00:00\" \/>\n\t\t<meta property=\"article:publisher\" content=\"https:\/\/www.facebook.com\/profile.php?id=100083593141068\" \/>\n\t\t<meta name=\"twitter:card\" content=\"summary\" \/>\n\t\t<meta name=\"twitter:title\" content=\"Reflexiones en un Atardecer - Conexi\u00f3n Cesar\" \/>\n\t\t<meta name=\"twitter:description\" content=\"Por:Eduardo Pertuz Un atardecer nos recuerda lo ef\u00edmeros que somos. El Planeta Tierra tiene 4,54 mil millones de a\u00f1os, con sus amaneceres y crep\u00fasculos. El ser humano promedio dura 80 a\u00f1os, \u00bfcu\u00e1ntos disfrutamos de esta belleza natural?, a veces estamos distra\u00eddos por cosas que no tienen sentido. Los multicolores suaves y c\u00e1lidos nos demuestran que\" \/>\n\t\t<meta name=\"twitter:image\" content=\"https:\/\/conexioncesar.com\/wp-content\/uploads\/2023\/06\/42DBB426-8964-4CB1-B860-212CB2058702.jpeg\" \/>\n\t\t<script type=\"application\/ld+json\" class=\"aioseo-schema\">\n\t\t\t{\"@context\":\"https:\\\/\\\/schema.org\",\"@graph\":[{\"@type\":\"BlogPosting\",\"@id\":\"https:\\\/\\\/conexioncesar.com\\\/index.php\\\/2023\\\/06\\\/09\\\/reflexiones-en-un-atardecer\\\/#blogposting\",\"name\":\"Reflexiones en un Atardecer - Conexi\\u00f3n Cesar\",\"headline\":\"Reflexiones en un Atardecer\",\"author\":{\"@id\":\"https:\\\/\\\/conexioncesar.com\\\/index.php\\\/author\\\/admccesar\\\/#author\"},\"publisher\":{\"@id\":\"https:\\\/\\\/conexioncesar.com\\\/#organization\"},\"image\":{\"@type\":\"ImageObject\",\"url\":\"https:\\\/\\\/conexioncesar.com\\\/wp-content\\\/uploads\\\/2023\\\/06\\\/42DBB426-8964-4CB1-B860-212CB2058702.jpeg\",\"width\":1600,\"height\":900},\"datePublished\":\"2023-06-09T09:55:30-05:00\",\"dateModified\":\"2023-06-09T09:55:34-05:00\",\"inLanguage\":\"es-CO\",\"commentCount\":2,\"mainEntityOfPage\":{\"@id\":\"https:\\\/\\\/conexioncesar.com\\\/index.php\\\/2023\\\/06\\\/09\\\/reflexiones-en-un-atardecer\\\/#webpage\"},\"isPartOf\":{\"@id\":\"https:\\\/\\\/conexioncesar.com\\\/index.php\\\/2023\\\/06\\\/09\\\/reflexiones-en-un-atardecer\\\/#webpage\"},\"articleSection\":\"Opini\\u00f3n\"},{\"@type\":\"BreadcrumbList\",\"@id\":\"https:\\\/\\\/conexioncesar.com\\\/index.php\\\/2023\\\/06\\\/09\\\/reflexiones-en-un-atardecer\\\/#breadcrumblist\",\"itemListElement\":[{\"@type\":\"ListItem\",\"@id\":\"https:\\\/\\\/conexioncesar.com#listItem\",\"position\":1,\"name\":\"Home\",\"item\":\"https:\\\/\\\/conexioncesar.com\",\"nextItem\":{\"@type\":\"ListItem\",\"@id\":\"https:\\\/\\\/conexioncesar.com\\\/index.php\\\/category\\\/podcast-opinion\\\/#listItem\",\"name\":\"Opini\\u00f3n\"}},{\"@type\":\"ListItem\",\"@id\":\"https:\\\/\\\/conexioncesar.com\\\/index.php\\\/category\\\/podcast-opinion\\\/#listItem\",\"position\":2,\"name\":\"Opini\\u00f3n\",\"item\":\"https:\\\/\\\/conexioncesar.com\\\/index.php\\\/category\\\/podcast-opinion\\\/\",\"nextItem\":{\"@type\":\"ListItem\",\"@id\":\"https:\\\/\\\/conexioncesar.com\\\/index.php\\\/2023\\\/06\\\/09\\\/reflexiones-en-un-atardecer\\\/#listItem\",\"name\":\"Reflexiones en un Atardecer\"},\"previousItem\":{\"@type\":\"ListItem\",\"@id\":\"https:\\\/\\\/conexioncesar.com#listItem\",\"name\":\"Home\"}},{\"@type\":\"ListItem\",\"@id\":\"https:\\\/\\\/conexioncesar.com\\\/index.php\\\/2023\\\/06\\\/09\\\/reflexiones-en-un-atardecer\\\/#listItem\",\"position\":3,\"name\":\"Reflexiones en un Atardecer\",\"previousItem\":{\"@type\":\"ListItem\",\"@id\":\"https:\\\/\\\/conexioncesar.com\\\/index.php\\\/category\\\/podcast-opinion\\\/#listItem\",\"name\":\"Opini\\u00f3n\"}}]},{\"@type\":\"Organization\",\"@id\":\"https:\\\/\\\/conexioncesar.com\\\/#organization\",\"name\":\"Conexi\\u00f3n Cesar\",\"description\":\"Portal web\",\"url\":\"https:\\\/\\\/conexioncesar.com\\\/\",\"sameAs\":[\"https:\\\/\\\/www.facebook.com\\\/profile.php?id=100083593141068\",\"https:\\\/\\\/www.instagram.com\\\/conexioncesar?utm_source=ig_web_button_share_sheet&igsh=ZDNlZDc0MzIxNw==\",\"https:\\\/\\\/youtube.com\\\/@conexioncesar7309?si=sCv5WiO1fXEwkkYN\"]},{\"@type\":\"Person\",\"@id\":\"https:\\\/\\\/conexioncesar.com\\\/index.php\\\/author\\\/admccesar\\\/#author\",\"url\":\"https:\\\/\\\/conexioncesar.com\\\/index.php\\\/author\\\/admccesar\\\/\",\"name\":\"admccesar\",\"image\":{\"@type\":\"ImageObject\",\"@id\":\"https:\\\/\\\/conexioncesar.com\\\/index.php\\\/2023\\\/06\\\/09\\\/reflexiones-en-un-atardecer\\\/#authorImage\",\"url\":\"https:\\\/\\\/secure.gravatar.com\\\/avatar\\\/bb14dc25bee5fd97148f651b904985f4508c0095d63e0eda456a03a8872a484e?s=96&d=mm&r=g\",\"width\":96,\"height\":96,\"caption\":\"admccesar\"}},{\"@type\":\"WebPage\",\"@id\":\"https:\\\/\\\/conexioncesar.com\\\/index.php\\\/2023\\\/06\\\/09\\\/reflexiones-en-un-atardecer\\\/#webpage\",\"url\":\"https:\\\/\\\/conexioncesar.com\\\/index.php\\\/2023\\\/06\\\/09\\\/reflexiones-en-un-atardecer\\\/\",\"name\":\"Reflexiones en un Atardecer - Conexi\\u00f3n Cesar\",\"description\":\"Por:Eduardo Pertuz Un atardecer nos recuerda lo ef\\u00edmeros que somos. El Planeta Tierra tiene 4,54 mil millones de a\\u00f1os, con sus amaneceres y crep\\u00fasculos. El ser humano promedio dura 80 a\\u00f1os, \\u00bfcu\\u00e1ntos disfrutamos de esta belleza natural?, a veces estamos distra\\u00eddos por cosas que no tienen sentido. Los multicolores suaves y c\\u00e1lidos nos demuestran que\",\"inLanguage\":\"es-CO\",\"isPartOf\":{\"@id\":\"https:\\\/\\\/conexioncesar.com\\\/#website\"},\"breadcrumb\":{\"@id\":\"https:\\\/\\\/conexioncesar.com\\\/index.php\\\/2023\\\/06\\\/09\\\/reflexiones-en-un-atardecer\\\/#breadcrumblist\"},\"author\":{\"@id\":\"https:\\\/\\\/conexioncesar.com\\\/index.php\\\/author\\\/admccesar\\\/#author\"},\"creator\":{\"@id\":\"https:\\\/\\\/conexioncesar.com\\\/index.php\\\/author\\\/admccesar\\\/#author\"},\"image\":{\"@type\":\"ImageObject\",\"url\":\"https:\\\/\\\/conexioncesar.com\\\/wp-content\\\/uploads\\\/2023\\\/06\\\/42DBB426-8964-4CB1-B860-212CB2058702.jpeg\",\"@id\":\"https:\\\/\\\/conexioncesar.com\\\/index.php\\\/2023\\\/06\\\/09\\\/reflexiones-en-un-atardecer\\\/#mainImage\",\"width\":1600,\"height\":900},\"primaryImageOfPage\":{\"@id\":\"https:\\\/\\\/conexioncesar.com\\\/index.php\\\/2023\\\/06\\\/09\\\/reflexiones-en-un-atardecer\\\/#mainImage\"},\"datePublished\":\"2023-06-09T09:55:30-05:00\",\"dateModified\":\"2023-06-09T09:55:34-05:00\"},{\"@type\":\"WebSite\",\"@id\":\"https:\\\/\\\/conexioncesar.com\\\/#website\",\"url\":\"https:\\\/\\\/conexioncesar.com\\\/\",\"name\":\"Conexi\\u00f3n Cesar\",\"description\":\"Portal web\",\"inLanguage\":\"es-CO\",\"publisher\":{\"@id\":\"https:\\\/\\\/conexioncesar.com\\\/#organization\"}}]}\n\t\t<\/script>\n\t\t<!-- All in One SEO -->\n\n","aioseo_head_json":{"title":"Reflexiones en un Atardecer - Conexi\u00f3n Cesar","description":"Por:Eduardo Pertuz Un atardecer nos recuerda lo ef\u00edmeros que somos. El Planeta Tierra tiene 4,54 mil millones de a\u00f1os, con sus amaneceres y crep\u00fasculos. El ser humano promedio dura 80 a\u00f1os, \u00bfcu\u00e1ntos disfrutamos de esta belleza natural?, a veces estamos distra\u00eddos por cosas que no tienen sentido. Los multicolores suaves y c\u00e1lidos nos demuestran que","canonical_url":"https:\/\/conexioncesar.com\/index.php\/2023\/06\/09\/reflexiones-en-un-atardecer\/","robots":"max-image-preview:large","keywords":"","webmasterTools":{"miscellaneous":""},"schema":{"@context":"https:\/\/schema.org","@graph":[{"@type":"BlogPosting","@id":"https:\/\/conexioncesar.com\/index.php\/2023\/06\/09\/reflexiones-en-un-atardecer\/#blogposting","name":"Reflexiones en un Atardecer - Conexi\u00f3n Cesar","headline":"Reflexiones en un Atardecer","author":{"@id":"https:\/\/conexioncesar.com\/index.php\/author\/admccesar\/#author"},"publisher":{"@id":"https:\/\/conexioncesar.com\/#organization"},"image":{"@type":"ImageObject","url":"https:\/\/conexioncesar.com\/wp-content\/uploads\/2023\/06\/42DBB426-8964-4CB1-B860-212CB2058702.jpeg","width":1600,"height":900},"datePublished":"2023-06-09T09:55:30-05:00","dateModified":"2023-06-09T09:55:34-05:00","inLanguage":"es-CO","commentCount":2,"mainEntityOfPage":{"@id":"https:\/\/conexioncesar.com\/index.php\/2023\/06\/09\/reflexiones-en-un-atardecer\/#webpage"},"isPartOf":{"@id":"https:\/\/conexioncesar.com\/index.php\/2023\/06\/09\/reflexiones-en-un-atardecer\/#webpage"},"articleSection":"Opini\u00f3n"},{"@type":"BreadcrumbList","@id":"https:\/\/conexioncesar.com\/index.php\/2023\/06\/09\/reflexiones-en-un-atardecer\/#breadcrumblist","itemListElement":[{"@type":"ListItem","@id":"https:\/\/conexioncesar.com#listItem","position":1,"name":"Home","item":"https:\/\/conexioncesar.com","nextItem":{"@type":"ListItem","@id":"https:\/\/conexioncesar.com\/index.php\/category\/podcast-opinion\/#listItem","name":"Opini\u00f3n"}},{"@type":"ListItem","@id":"https:\/\/conexioncesar.com\/index.php\/category\/podcast-opinion\/#listItem","position":2,"name":"Opini\u00f3n","item":"https:\/\/conexioncesar.com\/index.php\/category\/podcast-opinion\/","nextItem":{"@type":"ListItem","@id":"https:\/\/conexioncesar.com\/index.php\/2023\/06\/09\/reflexiones-en-un-atardecer\/#listItem","name":"Reflexiones en un Atardecer"},"previousItem":{"@type":"ListItem","@id":"https:\/\/conexioncesar.com#listItem","name":"Home"}},{"@type":"ListItem","@id":"https:\/\/conexioncesar.com\/index.php\/2023\/06\/09\/reflexiones-en-un-atardecer\/#listItem","position":3,"name":"Reflexiones en un Atardecer","previousItem":{"@type":"ListItem","@id":"https:\/\/conexioncesar.com\/index.php\/category\/podcast-opinion\/#listItem","name":"Opini\u00f3n"}}]},{"@type":"Organization","@id":"https:\/\/conexioncesar.com\/#organization","name":"Conexi\u00f3n Cesar","description":"Portal web","url":"https:\/\/conexioncesar.com\/","sameAs":["https:\/\/www.facebook.com\/profile.php?id=100083593141068","https:\/\/www.instagram.com\/conexioncesar?utm_source=ig_web_button_share_sheet&igsh=ZDNlZDc0MzIxNw==","https:\/\/youtube.com\/@conexioncesar7309?si=sCv5WiO1fXEwkkYN"]},{"@type":"Person","@id":"https:\/\/conexioncesar.com\/index.php\/author\/admccesar\/#author","url":"https:\/\/conexioncesar.com\/index.php\/author\/admccesar\/","name":"admccesar","image":{"@type":"ImageObject","@id":"https:\/\/conexioncesar.com\/index.php\/2023\/06\/09\/reflexiones-en-un-atardecer\/#authorImage","url":"https:\/\/secure.gravatar.com\/avatar\/bb14dc25bee5fd97148f651b904985f4508c0095d63e0eda456a03a8872a484e?s=96&d=mm&r=g","width":96,"height":96,"caption":"admccesar"}},{"@type":"WebPage","@id":"https:\/\/conexioncesar.com\/index.php\/2023\/06\/09\/reflexiones-en-un-atardecer\/#webpage","url":"https:\/\/conexioncesar.com\/index.php\/2023\/06\/09\/reflexiones-en-un-atardecer\/","name":"Reflexiones en un Atardecer - Conexi\u00f3n Cesar","description":"Por:Eduardo Pertuz Un atardecer nos recuerda lo ef\u00edmeros que somos. El Planeta Tierra tiene 4,54 mil millones de a\u00f1os, con sus amaneceres y crep\u00fasculos. El ser humano promedio dura 80 a\u00f1os, \u00bfcu\u00e1ntos disfrutamos de esta belleza natural?, a veces estamos distra\u00eddos por cosas que no tienen sentido. Los multicolores suaves y c\u00e1lidos nos demuestran que","inLanguage":"es-CO","isPartOf":{"@id":"https:\/\/conexioncesar.com\/#website"},"breadcrumb":{"@id":"https:\/\/conexioncesar.com\/index.php\/2023\/06\/09\/reflexiones-en-un-atardecer\/#breadcrumblist"},"author":{"@id":"https:\/\/conexioncesar.com\/index.php\/author\/admccesar\/#author"},"creator":{"@id":"https:\/\/conexioncesar.com\/index.php\/author\/admccesar\/#author"},"image":{"@type":"ImageObject","url":"https:\/\/conexioncesar.com\/wp-content\/uploads\/2023\/06\/42DBB426-8964-4CB1-B860-212CB2058702.jpeg","@id":"https:\/\/conexioncesar.com\/index.php\/2023\/06\/09\/reflexiones-en-un-atardecer\/#mainImage","width":1600,"height":900},"primaryImageOfPage":{"@id":"https:\/\/conexioncesar.com\/index.php\/2023\/06\/09\/reflexiones-en-un-atardecer\/#mainImage"},"datePublished":"2023-06-09T09:55:30-05:00","dateModified":"2023-06-09T09:55:34-05:00"},{"@type":"WebSite","@id":"https:\/\/conexioncesar.com\/#website","url":"https:\/\/conexioncesar.com\/","name":"Conexi\u00f3n Cesar","description":"Portal web","inLanguage":"es-CO","publisher":{"@id":"https:\/\/conexioncesar.com\/#organization"}}]},"og:locale":"es_ES","og:site_name":"Conexi\u00f3n Cesar - Portal web","og:type":"article","og:title":"Reflexiones en un Atardecer - Conexi\u00f3n Cesar","og:description":"Por:Eduardo Pertuz Un atardecer nos recuerda lo ef\u00edmeros que somos. El Planeta Tierra tiene 4,54 mil millones de a\u00f1os, con sus amaneceres y crep\u00fasculos. El ser humano promedio dura 80 a\u00f1os, \u00bfcu\u00e1ntos disfrutamos de esta belleza natural?, a veces estamos distra\u00eddos por cosas que no tienen sentido. Los multicolores suaves y c\u00e1lidos nos demuestran que","og:url":"https:\/\/conexioncesar.com\/index.php\/2023\/06\/09\/reflexiones-en-un-atardecer\/","og:image":"https:\/\/conexioncesar.com\/wp-content\/uploads\/2023\/06\/42DBB426-8964-4CB1-B860-212CB2058702.jpeg","og:image:secure_url":"https:\/\/conexioncesar.com\/wp-content\/uploads\/2023\/06\/42DBB426-8964-4CB1-B860-212CB2058702.jpeg","og:image:width":1600,"og:image:height":900,"article:published_time":"2023-06-09T14:55:30+00:00","article:modified_time":"2023-06-09T14:55:34+00:00","article:publisher":"https:\/\/www.facebook.com\/profile.php?id=100083593141068","twitter:card":"summary","twitter:title":"Reflexiones en un Atardecer - Conexi\u00f3n Cesar","twitter:description":"Por:Eduardo Pertuz Un atardecer nos recuerda lo ef\u00edmeros que somos. El Planeta Tierra tiene 4,54 mil millones de a\u00f1os, con sus amaneceres y crep\u00fasculos. El ser humano promedio dura 80 a\u00f1os, \u00bfcu\u00e1ntos disfrutamos de esta belleza natural?, a veces estamos distra\u00eddos por cosas que no tienen sentido. Los multicolores suaves y c\u00e1lidos nos demuestran que","twitter:image":"https:\/\/conexioncesar.com\/wp-content\/uploads\/2023\/06\/42DBB426-8964-4CB1-B860-212CB2058702.jpeg"},"aioseo_meta_data":{"post_id":"7189","title":null,"description":null,"keywords":[],"keyphrases":{"focus":{"keyphrase":"","score":0,"analysis":{"keyphraseInTitle":{"score":0,"maxScore":9,"error":1}}},"additional":[]},"primary_term":null,"canonical_url":null,"og_title":null,"og_description":null,"og_object_type":"default","og_image_type":"default","og_image_url":null,"og_image_width":null,"og_image_height":null,"og_image_custom_url":null,"og_image_custom_fields":null,"og_video":"","og_custom_url":null,"og_article_section":null,"og_article_tags":[],"twitter_use_og":false,"twitter_card":"default","twitter_image_type":"default","twitter_image_url":null,"twitter_image_custom_url":null,"twitter_image_custom_fields":null,"twitter_title":null,"twitter_description":null,"schema":{"blockGraphs":[],"customGraphs":[],"default":{"data":{"Article":[],"Course":[],"Dataset":[],"FAQPage":[],"Movie":[],"Person":[],"Product":[],"ProductReview":[],"Car":[],"Recipe":[],"Service":[],"SoftwareApplication":[],"WebPage":[]},"graphName":"BlogPosting","isEnabled":true},"graphs":[]},"schema_type":"default","schema_type_options":null,"pillar_content":false,"robots_default":true,"robots_noindex":false,"robots_noarchive":false,"robots_nosnippet":false,"robots_nofollow":false,"robots_noimageindex":false,"robots_noodp":false,"robots_notranslate":false,"robots_max_snippet":"-1","robots_max_videopreview":"-1","robots_max_imagepreview":"large","priority":null,"frequency":"default","local_seo":null,"breadcrumb_settings":null,"limit_modified_date":false,"ai":null,"created":"2023-06-09 14:55:35","updated":"2025-08-12 04:34:20","focus_keyword":null,"additional_keywords":null,"truseo_locale":null,"seo_analyzer_scan_date":null},"aioseo_breadcrumb":"<div class=\"aioseo-breadcrumbs\"><span class=\"aioseo-breadcrumb\">\n\t\t\t<a href=\"https:\/\/conexioncesar.com\" title=\"Home\">Home<\/a>\n\t\t<\/span><span class=\"aioseo-breadcrumb-separator\">&raquo;<\/span><span class=\"aioseo-breadcrumb\">\n\t\t\t<a href=\"https:\/\/conexioncesar.com\/index.php\/category\/podcast-opinion\/\" title=\"Opini\u00f3n\">Opini\u00f3n<\/a>\n\t\t<\/span><span class=\"aioseo-breadcrumb-separator\">&raquo;<\/span><span class=\"aioseo-breadcrumb\">\n\t\t\tReflexiones en un Atardecer\n\t\t<\/span><\/div>","aioseo_breadcrumb_json":[{"label":"Home","link":"https:\/\/conexioncesar.com"},{"label":"Opini\u00f3n","link":"https:\/\/conexioncesar.com\/index.php\/category\/podcast-opinion\/"},{"label":"Reflexiones en un Atardecer","link":"https:\/\/conexioncesar.com\/index.php\/2023\/06\/09\/reflexiones-en-un-atardecer\/"}],"jetpack_featured_media_url":"https:\/\/conexioncesar.com\/wp-content\/uploads\/2023\/06\/42DBB426-8964-4CB1-B860-212CB2058702.jpeg","_links":{"self":[{"href":"https:\/\/conexioncesar.com\/index.php\/wp-json\/wp\/v2\/posts\/7189","targetHints":{"allow":["GET"]}}],"collection":[{"href":"https:\/\/conexioncesar.com\/index.php\/wp-json\/wp\/v2\/posts"}],"about":[{"href":"https:\/\/conexioncesar.com\/index.php\/wp-json\/wp\/v2\/types\/post"}],"author":[{"embeddable":true,"href":"https:\/\/conexioncesar.com\/index.php\/wp-json\/wp\/v2\/users\/1"}],"replies":[{"embeddable":true,"href":"https:\/\/conexioncesar.com\/index.php\/wp-json\/wp\/v2\/comments?post=7189"}],"version-history":[{"count":0,"href":"https:\/\/conexioncesar.com\/index.php\/wp-json\/wp\/v2\/posts\/7189\/revisions"}],"wp:featuredmedia":[{"embeddable":true,"href":"https:\/\/conexioncesar.com\/index.php\/wp-json\/wp\/v2\/media\/7191"}],"wp:attachment":[{"href":"https:\/\/conexioncesar.com\/index.php\/wp-json\/wp\/v2\/media?parent=7189"}],"wp:term":[{"taxonomy":"category","embeddable":true,"href":"https:\/\/conexioncesar.com\/index.php\/wp-json\/wp\/v2\/categories?post=7189"},{"taxonomy":"post_tag","embeddable":true,"href":"https:\/\/conexioncesar.com\/index.php\/wp-json\/wp\/v2\/tags?post=7189"}],"curies":[{"name":"wp","href":"https:\/\/api.w.org\/{rel}","templated":true}]}}